{"id":9231,"date":"2023-06-29T11:50:31","date_gmt":"2023-06-29T14:50:31","guid":{"rendered":"https:\/\/www.arroiodotigre.rs.gov.br\/site\/?p=9231"},"modified":"2023-06-29T11:50:31","modified_gmt":"2023-06-29T14:50:31","slug":"secretario-de-educacao-e-cultura-participa-de-seminario-do-programa-alfa-e-beto","status":"publish","type":"post","link":"https:\/\/www.arroiodotigre.rs.gov.br\/site\/2023\/06\/29\/secretario-de-educacao-e-cultura-participa-de-seminario-do-programa-alfa-e-beto\/","title":{"rendered":"SECRET\u00c1RIO DE EDUCA\u00c7\u00c3O E CULTURA PARTICIPA DE SEMIN\u00c1RIO DO PROGRAMA ALFA E BETO"},"content":{"rendered":"\n<p>Nos dias 22 e 23 de junho o secret\u00e1rio de Educa\u00e7\u00e3o e Cultura, Fabr\u00edcio Daniel Pape, e a coordenadora dos Anos Iniciais, Raquel C. Fiuza Neuenfeldt, participaram do Semin\u00e1rio Nacional do Instituto Alfa e Beto, em Bento Gon\u00e7alves, na Serra Ga\u00facha. Esta forma\u00e7\u00e3o reuniu Secretarias Municipais de Educa\u00e7\u00e3o do Rio Grande do Sul, as quais desenvolvem o Programa Alfa e Beto. O evento tratou sobre o tema \u201cPandemia e Educa\u00e7\u00e3o: acertando o passo\u201d, tendo como foco o uso dos instrumentos de gest\u00e3o relativos \u00e0 sala de aula. O evento foi conduzido pela equipe do Programa, tendo como palestrante o presidente do Instituto Alfa e Beto (IAB), Jo\u00e3o Batista Oliveira.<\/p>\n\n\n\n<p>Segundo o prefeito Marciano Ravanello, a proposta pedag\u00f3gica do Alfa e Beto para alfabetiza\u00e7\u00e3o tem como base a dualidade \u201caprender a ler\u201d e \u201cler para aprender\u201d. Os materiais possibilitam que antes, durante e depois do processo de alfabetiza\u00e7\u00e3o, a crian\u00e7a vivencie um ambiente rico em livros e desenvolva habilidades de compreens\u00e3o de textos e de reda\u00e7\u00e3o. Trata-se de um conjunto de materiais integrados, incluindo materiais para alunos, para o professor e para a turma. \u201cO Programa empolgou professores alfabetizadores, pois, h\u00e1 quatro anos n\u00e3o t\u00ednhamos uma proposta de trabalho que desse suporte aos professores, somente particip\u00e1vamos os programas oferecido pelo MEC. Ent\u00e3o, quando reassumimos a gest\u00e3o do munic\u00edpio e preocupados com o baixo \u00edndice de alfabetiza\u00e7\u00e3o, resolvemos aderir novamente ao programa\u201d, salientou Ravanello. Ainda segundo o prefeito, os indicadores de educa\u00e7\u00e3o voltaram a aumentar significativamente ap\u00f3s a ades\u00e3o ao Programa, evidenciando os benef\u00edcios do Alfa e Beto.<\/p>\n\n\n\n<p>J\u00e1 conforme o secret\u00e1rio Fabr\u00edcio Pape, em Arroio do Tigre foi aderido ao \u201cPrograma de Alfabetiza\u00e7\u00e3o &#8211; 1\u00b0 ano\u201d e ao \u201cEnsino Estruturado &#8211; 2\u00b0 ano\u201d. Segundo ele, esta forma de ensinar, atrav\u00e9s do m\u00e9todo f\u00f4nico, mexeu com a vida dos alfabetizadores. \u201cEles se sentem apoiados, todos t\u00eam o mesmo linguajar, otimismo e seguran\u00e7a em rela\u00e7\u00e3o ao processo ensino-aprendizagem\u201d, avaliou. Para acompanhar de forma mais direta o desenvolvimento do programa, acontecem encontros mensais na Secretaria Municipal de Educa\u00e7\u00e3o e Cultura conduzidos pela professora Raquel de Castro Fiuza Neuenfeldt, coordenadora do programa no munic\u00edpio. S\u00e3o nestes momentos que acontece o planejamento das aulas, an\u00e1lise de resultados, explica\u00e7\u00f5es referentes \u00e0s anota\u00e7\u00f5es na agenda. Al\u00e9m disso, s\u00e3o compartilhadas angustias e a melhor forma de super\u00e1-las. Para valorizar o programa e o trabalho dos professores \u00e9 feito um acompanhamento de presen\u00e7a em forma de lista e registro de atas. \u201cDessa forma, ao final do ano letivo, os professores participantes do programa recebem horas de certifica\u00e7\u00e3o\u201d, relata a coordenadora.<\/p>\n","protected":false},"excerpt":{"rendered":"<p>Nos dias 22 e 23 de junho o secret\u00e1rio de Educa\u00e7\u00e3o e Cultura, Fabr\u00edcio Daniel Pape, e a coordenadora dos Anos Iniciais, Raquel C. Fiuza Neuenfeldt, participaram do Semin\u00e1rio Nacional do Instituto Alfa e Beto, em Bento Gon\u00e7alves, na Serra Ga\u00facha. Esta forma\u00e7\u00e3o reuniu Secretarias Municipais de Educa\u00e7\u00e3o do Rio Grande do Sul, as quais &hellip; <\/p>\n<p class=\"link-more\"><a href=\"https:\/\/www.arroiodotigre.rs.gov.br\/site\/2023\/06\/29\/secretario-de-educacao-e-cultura-participa-de-seminario-do-programa-alfa-e-beto\/\" class=\"more-link\">Continue lendo<span class=\"screen-reader-text\"> &#8220;SECRET\u00c1RIO DE EDUCA\u00c7\u00c3O E CULTURA PARTICIPA DE SEMIN\u00c1RIO DO PROGRAMA ALFA E BETO&#8221;<\/span><\/a><\/p>\n","protected":false},"author":4,"featured_media":9232,"comment_status":"open","ping_status":"open","sticky":false,"template":"","format":"standard","meta":{"footnotes":""},"categories":[17],"tags":[],"class_list":["post-9231","post","type-post","status-publish","format-standard","has-post-thumbnail","hentry","category-educacao","entry"],"_links":{"self":[{"href":"https:\/\/www.arroiodotigre.rs.gov.br\/site\/wp-json\/wp\/v2\/posts\/9231","targetHints":{"allow":["GET"]}}],"collection":[{"href":"https:\/\/www.arroiodotigre.rs.gov.br\/site\/wp-json\/wp\/v2\/posts"}],"about":[{"href":"https:\/\/www.arroiodotigre.rs.gov.br\/site\/wp-json\/wp\/v2\/types\/post"}],"author":[{"embeddable":true,"href":"https:\/\/www.arroiodotigre.rs.gov.br\/site\/wp-json\/wp\/v2\/users\/4"}],"replies":[{"embeddable":true,"href":"https:\/\/www.arroiodotigre.rs.gov.br\/site\/wp-json\/wp\/v2\/comments?post=9231"}],"version-history":[{"count":1,"href":"https:\/\/www.arroiodotigre.rs.gov.br\/site\/wp-json\/wp\/v2\/posts\/9231\/revisions"}],"predecessor-version":[{"id":9233,"href":"https:\/\/www.arroiodotigre.rs.gov.br\/site\/wp-json\/wp\/v2\/posts\/9231\/revisions\/9233"}],"wp:featuredmedia":[{"embeddable":true,"href":"https:\/\/www.arroiodotigre.rs.gov.br\/site\/wp-json\/wp\/v2\/media\/9232"}],"wp:attachment":[{"href":"https:\/\/www.arroiodotigre.rs.gov.br\/site\/wp-json\/wp\/v2\/media?parent=9231"}],"wp:term":[{"taxonomy":"category","embeddable":true,"href":"https:\/\/www.arroiodotigre.rs.gov.br\/site\/wp-json\/wp\/v2\/categories?post=9231"},{"taxonomy":"post_tag","embeddable":true,"href":"https:\/\/www.arroiodotigre.rs.gov.br\/site\/wp-json\/wp\/v2\/tags?post=9231"}],"curies":[{"name":"wp","href":"https:\/\/api.w.org\/{rel}","templated":true}]}}