{"id":8382,"date":"2023-03-14T16:31:21","date_gmt":"2023-03-14T19:31:21","guid":{"rendered":"https:\/\/www.arroiodotigre.rs.gov.br\/site\/?p=8382"},"modified":"2023-03-14T16:31:21","modified_gmt":"2023-03-14T19:31:21","slug":"conselho-municipal-da-saude-e-secretaria-da-saude-promovem-7a-conferencia-municipal-de-saude","status":"publish","type":"post","link":"https:\/\/www.arroiodotigre.rs.gov.br\/site\/2023\/03\/14\/conselho-municipal-da-saude-e-secretaria-da-saude-promovem-7a-conferencia-municipal-de-saude\/","title":{"rendered":"Conselho municipal da sa\u00fade e secretaria da sa\u00fade promovem 7\u00aa confer\u00eancia municipal de sa\u00fade"},"content":{"rendered":"\n<figure class=\"wp-block-image size-large\"><img loading=\"lazy\" decoding=\"async\" width=\"1024\" height=\"1024\" src=\"https:\/\/www.arroiodotigre.rs.gov.br\/site\/wp-content\/uploads\/2023\/03\/335343989_1211979713044302_4559146074796796048_n-1024x1024.jpg\" alt=\"\" class=\"wp-image-8383\" srcset=\"https:\/\/www.arroiodotigre.rs.gov.br\/site\/wp-content\/uploads\/2023\/03\/335343989_1211979713044302_4559146074796796048_n-1024x1024.jpg 1024w, https:\/\/www.arroiodotigre.rs.gov.br\/site\/wp-content\/uploads\/2023\/03\/335343989_1211979713044302_4559146074796796048_n-300x300.jpg 300w, https:\/\/www.arroiodotigre.rs.gov.br\/site\/wp-content\/uploads\/2023\/03\/335343989_1211979713044302_4559146074796796048_n-150x150.jpg 150w, https:\/\/www.arroiodotigre.rs.gov.br\/site\/wp-content\/uploads\/2023\/03\/335343989_1211979713044302_4559146074796796048_n-768x768.jpg 768w, https:\/\/www.arroiodotigre.rs.gov.br\/site\/wp-content\/uploads\/2023\/03\/335343989_1211979713044302_4559146074796796048_n.jpg 1080w\" sizes=\"auto, (max-width: 1024px) 100vw, 1024px\" \/><\/figure>\n\n\n\n<p>A Secretaria da Sa\u00fade de Arroio do Tigre vai promover, no dia 22 de mar\u00e7o, a 7\u00aa Confer\u00eancia Municipal de Sa\u00fade. O evento vai ocorrer no Clube 25 de Julho, com in\u00edcio \u00e0s 8h. Neste ano, o tema \u00e9: Garantir Direitos e defender o SUS, a Vida e a Democracia \u2013 Amanh\u00e3 vai ser outro dia!\u201d. Durante o encontro ser\u00e3o debatidos assuntos que envolvem a sa\u00fade, al\u00e9m de eleger delegados e elencandas <a><\/a>propostas que ser\u00e3o destinadas para as etapas estadual e nacional<\/p>\n\n\n\n<p>Desta forma, o poder p\u00fablico garante \u00e0 sociedade uma participa\u00e7\u00e3o efetiva, democr\u00e1tica e plural nas decis\u00f5es que envolvem a gest\u00e3o e direcionamento de recursos \u00e0 Sa\u00fade. De acordo com a secret\u00e1ria de Sa\u00fade de Arroio do Tigre, Diana Rauber Mergen, a participa\u00e7\u00e3o da sociedade \u00e9 muito aguardada para este encontro, assim como de profissionais da \u00e1rea, usu\u00e1rios do SUS, gestores e prestadores de servi\u00e7o.<\/p>\n\n\n\n<p>Segundo ela, este \u00e9 um importante espa\u00e7o de di\u00e1logo entre governo e sociedade sobre as necessidade e prioridades para suas respectivas localidades e o munic\u00edpio como um todo, al\u00e9m de ser um momento \u00fanico para enfatizar a import\u00e2ncia que o Sistema \u00danico de Sa\u00fade tem na vida das pessoas.<\/p>\n","protected":false},"excerpt":{"rendered":"<p>A Secretaria da Sa\u00fade de Arroio do Tigre vai promover, no dia 22 de mar\u00e7o, a 7\u00aa Confer\u00eancia Municipal de Sa\u00fade. O evento vai ocorrer no Clube 25 de Julho, com in\u00edcio \u00e0s 8h. Neste ano, o tema \u00e9: Garantir Direitos e defender o SUS, a Vida e a Democracia \u2013 Amanh\u00e3 vai ser outro &hellip; <\/p>\n<p class=\"link-more\"><a href=\"https:\/\/www.arroiodotigre.rs.gov.br\/site\/2023\/03\/14\/conselho-municipal-da-saude-e-secretaria-da-saude-promovem-7a-conferencia-municipal-de-saude\/\" class=\"more-link\">Continue lendo<span class=\"screen-reader-text\"> &#8220;Conselho municipal da sa\u00fade e secretaria da sa\u00fade promovem 7\u00aa confer\u00eancia municipal de sa\u00fade&#8221;<\/span><\/a><\/p>\n","protected":false},"author":3,"featured_media":8383,"comment_status":"open","ping_status":"open","sticky":false,"template":"","format":"standard","meta":{"footnotes":""},"categories":[11],"tags":[],"class_list":["post-8382","post","type-post","status-publish","format-standard","has-post-thumbnail","hentry","category-noticias","entry"],"_links":{"self":[{"href":"https:\/\/www.arroiodotigre.rs.gov.br\/site\/wp-json\/wp\/v2\/posts\/8382","targetHints":{"allow":["GET"]}}],"collection":[{"href":"https:\/\/www.arroiodotigre.rs.gov.br\/site\/wp-json\/wp\/v2\/posts"}],"about":[{"href":"https:\/\/www.arroiodotigre.rs.gov.br\/site\/wp-json\/wp\/v2\/types\/post"}],"author":[{"embeddable":true,"href":"https:\/\/www.arroiodotigre.rs.gov.br\/site\/wp-json\/wp\/v2\/users\/3"}],"replies":[{"embeddable":true,"href":"https:\/\/www.arroiodotigre.rs.gov.br\/site\/wp-json\/wp\/v2\/comments?post=8382"}],"version-history":[{"count":1,"href":"https:\/\/www.arroiodotigre.rs.gov.br\/site\/wp-json\/wp\/v2\/posts\/8382\/revisions"}],"predecessor-version":[{"id":8384,"href":"https:\/\/www.arroiodotigre.rs.gov.br\/site\/wp-json\/wp\/v2\/posts\/8382\/revisions\/8384"}],"wp:featuredmedia":[{"embeddable":true,"href":"https:\/\/www.arroiodotigre.rs.gov.br\/site\/wp-json\/wp\/v2\/media\/8383"}],"wp:attachment":[{"href":"https:\/\/www.arroiodotigre.rs.gov.br\/site\/wp-json\/wp\/v2\/media?parent=8382"}],"wp:term":[{"taxonomy":"category","embeddable":true,"href":"https:\/\/www.arroiodotigre.rs.gov.br\/site\/wp-json\/wp\/v2\/categories?post=8382"},{"taxonomy":"post_tag","embeddable":true,"href":"https:\/\/www.arroiodotigre.rs.gov.br\/site\/wp-json\/wp\/v2\/tags?post=8382"}],"curies":[{"name":"wp","href":"https:\/\/api.w.org\/{rel}","templated":true}]}}