{"id":3829,"date":"2021-09-16T08:57:55","date_gmt":"2021-09-16T11:57:55","guid":{"rendered":"http:\/\/www.arroiodotigre.rs.gov.br\/site\/?p=3829"},"modified":"2021-09-16T08:57:55","modified_gmt":"2021-09-16T11:57:55","slug":"planejamento-dos-projetos-para-a-terceira-idade","status":"publish","type":"post","link":"https:\/\/www.arroiodotigre.rs.gov.br\/site\/2021\/09\/16\/planejamento-dos-projetos-para-a-terceira-idade\/","title":{"rendered":"Planejamento dos projetos para a terceira idade"},"content":{"rendered":"\n<p>No dia de hoje, 15 de setembro, a Secretaria da Assist\u00eancia Social organizou reuni\u00e3o para planejar e organizar os projetos para a TERCEIRA IDADE, os quais ser\u00e3o desenvolvidos nos pr\u00f3ximos meses. <\/p>\n\n\n\n<p>Participaram da reuni\u00e3o que aconteceu no CRAS, a Secret\u00e1ria da Assist\u00eancia Social, Ezequi\u00e9li Scota, a Assistente Social da Gest\u00e3o, Ana Alice Paix\u00e3o, a Coordenadora de Eventos da Terceira Idade, Elia Maria M. Brixner, Coordenadora T\u00e9cnica dos Projetos da Terceira Idade, La\u00edse Kunz, Psic\u00f3logo, Tiago Bernardy, e Assistente Social e Coordenadora do CRAS, Vera Battisti. A reuni\u00e3o teve como pauta as a\u00e7\u00f5es e projetos que ser\u00e3o realizados para a terceira idade do munic\u00edpio de Arroio do Tigre e atividade para o m\u00eas de anivers\u00e1rio do munic\u00edpio e para o NATAL. <\/p>\n\n\n\n<p>Devido a pandemia as atividades de forma presencial foram suspensas, no entanto, h\u00e1 uma expectativa muito grande para que os encontros e a socializa\u00e7\u00e3o entre a terceira idade volte a acontecer; j\u00e1 que os grupos da terceira idade possibilitam a integra\u00e7\u00e3o de idosos na sociedade. Para isto, \u00e9 necess\u00e1rio planejamento e organiza\u00e7\u00e3o pois, o retorno com seguran\u00e7a e cautela \u00e9 fundamental. \u00c9 preciso levar em considera\u00e7\u00e3o que a terceira idade para o bom andamento da sa\u00fade ps\u00edquica e corporal precisa estar em movimento e os projetos realizados pelo CRAS garantem isso.<\/p>\n\n\n\n<p>\u201cIntegra\u00e7\u00e3o, inclus\u00e3o social das pessoas da melhor idade, \u00e9 nosso compromisso com a comunidade. Foram eles que contribu\u00edram no crescimento e desenvolvimento de Arroio do Tigre, temos que retribuir.\u201d; destacou a secret\u00e1ria, Ezequi\u00e9li Scotta.<\/p>\n\n\n\n<p>No pr\u00f3ximo dia 30 de setembro, \u00e0s 13:30 horas na sala de reuni\u00e3o da Assist\u00eancia Social (ao lado do Banco do Brasil) acontecer\u00e1 reuni\u00e3o com os coordenadores dos grupos da terceira idade.<\/p>\n","protected":false},"excerpt":{"rendered":"<p>No dia de hoje, 15 de setembro, a Secretaria da Assist\u00eancia Social organizou reuni\u00e3o para planejar e organizar os projetos para a TERCEIRA IDADE, os quais ser\u00e3o desenvolvidos nos pr\u00f3ximos meses. Participaram da reuni\u00e3o que aconteceu no CRAS, a Secret\u00e1ria da Assist\u00eancia Social, Ezequi\u00e9li Scota, a Assistente Social da Gest\u00e3o, Ana Alice Paix\u00e3o, a Coordenadora &hellip; <\/p>\n<p class=\"link-more\"><a href=\"https:\/\/www.arroiodotigre.rs.gov.br\/site\/2021\/09\/16\/planejamento-dos-projetos-para-a-terceira-idade\/\" class=\"more-link\">Continue lendo<span class=\"screen-reader-text\"> &#8220;Planejamento dos projetos para a terceira idade&#8221;<\/span><\/a><\/p>\n","protected":false},"author":3,"featured_media":3830,"comment_status":"open","ping_status":"open","sticky":false,"template":"","format":"standard","meta":{"footnotes":""},"categories":[11],"tags":[],"class_list":["post-3829","post","type-post","status-publish","format-standard","has-post-thumbnail","hentry","category-noticias","entry"],"_links":{"self":[{"href":"https:\/\/www.arroiodotigre.rs.gov.br\/site\/wp-json\/wp\/v2\/posts\/3829","targetHints":{"allow":["GET"]}}],"collection":[{"href":"https:\/\/www.arroiodotigre.rs.gov.br\/site\/wp-json\/wp\/v2\/posts"}],"about":[{"href":"https:\/\/www.arroiodotigre.rs.gov.br\/site\/wp-json\/wp\/v2\/types\/post"}],"author":[{"embeddable":true,"href":"https:\/\/www.arroiodotigre.rs.gov.br\/site\/wp-json\/wp\/v2\/users\/3"}],"replies":[{"embeddable":true,"href":"https:\/\/www.arroiodotigre.rs.gov.br\/site\/wp-json\/wp\/v2\/comments?post=3829"}],"version-history":[{"count":1,"href":"https:\/\/www.arroiodotigre.rs.gov.br\/site\/wp-json\/wp\/v2\/posts\/3829\/revisions"}],"predecessor-version":[{"id":3831,"href":"https:\/\/www.arroiodotigre.rs.gov.br\/site\/wp-json\/wp\/v2\/posts\/3829\/revisions\/3831"}],"wp:featuredmedia":[{"embeddable":true,"href":"https:\/\/www.arroiodotigre.rs.gov.br\/site\/wp-json\/wp\/v2\/media\/3830"}],"wp:attachment":[{"href":"https:\/\/www.arroiodotigre.rs.gov.br\/site\/wp-json\/wp\/v2\/media?parent=3829"}],"wp:term":[{"taxonomy":"category","embeddable":true,"href":"https:\/\/www.arroiodotigre.rs.gov.br\/site\/wp-json\/wp\/v2\/categories?post=3829"},{"taxonomy":"post_tag","embeddable":true,"href":"https:\/\/www.arroiodotigre.rs.gov.br\/site\/wp-json\/wp\/v2\/tags?post=3829"}],"curies":[{"name":"wp","href":"https:\/\/api.w.org\/{rel}","templated":true}]}}