{"id":12289,"date":"2024-04-25T15:38:10","date_gmt":"2024-04-25T18:38:10","guid":{"rendered":"https:\/\/www.arroiodotigre.rs.gov.br\/site\/?p=12289"},"modified":"2024-04-25T15:38:10","modified_gmt":"2024-04-25T18:38:10","slug":"equipe-conclui-gravacoes-do-curta-metragem-a-onca","status":"publish","type":"post","link":"https:\/\/www.arroiodotigre.rs.gov.br\/site\/2024\/04\/25\/equipe-conclui-gravacoes-do-curta-metragem-a-onca\/","title":{"rendered":"EQUIPE CONCLUI GRAVA\u00c7\u00d5ES DO CURTA-METRAGEM \u201cA ON\u00c7A\u201d"},"content":{"rendered":"\n<p>Na \u00faltima segunda-feira (18), a prefeitura de Arroio do Tigre foi palco de um evento marcante para a cultura local, sediando uma coletiva de imprensa que reuniu a equipe de grava\u00e7\u00e3o, roteiristas e o protagonista do curta-metragem &#8220;A On\u00e7a&#8221;. A obra audiovisual promete resgatar elementos hist\u00f3ricos do munic\u00edpio, trazendo \u00e0 tona suas ra\u00edzes de forma cativante. Estiveram presentes o prefeito Marciano Ravanello e o secret\u00e1rio de Educa\u00e7\u00e3o e Cultura, Fabr\u00edcio Daniel Pape.<\/p>\n\n\n\n<p>O ator principal do curta, Tim\u00f3teo Heiderick, conhecido por suas performances em s\u00e9ries e novelas da Rede Record e Rede Globo, destacou a experi\u00eancia \u00fanica de gravar em Arroio do Tigre. Encantado com a exuber\u00e2ncia da natureza e as belezas locais, Heiderick ressaltou o potencial tur\u00edstico da regi\u00e3o Centro-Serra, que ser\u00e3o evidenciados no filme &#8220;Segredos do Jacu\u00ed&#8221;, atualmente em produ\u00e7\u00e3o na \u00e1rea, como uma forma de promover o destino.<\/p>\n\n\n\n<p>Alex Rech, propriet\u00e1rio da AR Filmes e respons\u00e1vel pela dire\u00e7\u00e3o e roteiro do curta, compartilhou a satisfa\u00e7\u00e3o da equipe com os resultados obtidos nas grava\u00e7\u00f5es. Segundo ele, o cen\u00e1rio local oferece um ambiente prop\u00edcio para contar as hist\u00f3rias da regi\u00e3o, em especial a narrativa envolvendo a on\u00e7a, que empresta seu nome ao munic\u00edpio de Arroio do Tigre.<\/p>\n\n\n\n<p>Financiado por meio da Lei Paulo Gustavo, o curta-metragem &#8220;A On\u00e7a&#8221; ser\u00e1 disponibilizado gratuitamente \u00e0 popula\u00e7\u00e3o ap\u00f3s sua conclus\u00e3o, como um presente cultural para todos os arroio-tigrenses e admiradores da s\u00e9tima arte. Com uma trama envolvente e ra\u00edzes profundas na hist\u00f3ria local, o filme promete emocionar e encantar espectadores de todas as idades.<\/p>\n\n\n\n<figure class=\"wp-block-image size-large\"><img loading=\"lazy\" decoding=\"async\" width=\"768\" height=\"1024\" src=\"http:\/\/www.arroiodotigre.rs.gov.br\/site\/wp-content\/uploads\/2024\/04\/EQUIPE-CONCLUI-GRAVACOES-DO-CURTA-METRAGEM-A-ONCA-768x1024.jpeg\" alt=\"\" class=\"wp-image-12286\" srcset=\"https:\/\/www.arroiodotigre.rs.gov.br\/site\/wp-content\/uploads\/2024\/04\/EQUIPE-CONCLUI-GRAVACOES-DO-CURTA-METRAGEM-A-ONCA-768x1024.jpeg 768w, https:\/\/www.arroiodotigre.rs.gov.br\/site\/wp-content\/uploads\/2024\/04\/EQUIPE-CONCLUI-GRAVACOES-DO-CURTA-METRAGEM-A-ONCA-225x300.jpeg 225w, https:\/\/www.arroiodotigre.rs.gov.br\/site\/wp-content\/uploads\/2024\/04\/EQUIPE-CONCLUI-GRAVACOES-DO-CURTA-METRAGEM-A-ONCA-1152x1536.jpeg 1152w, https:\/\/www.arroiodotigre.rs.gov.br\/site\/wp-content\/uploads\/2024\/04\/EQUIPE-CONCLUI-GRAVACOES-DO-CURTA-METRAGEM-A-ONCA.jpeg 1200w\" sizes=\"auto, (max-width: 768px) 100vw, 768px\" \/><\/figure>\n","protected":false},"excerpt":{"rendered":"<p>Na \u00faltima segunda-feira (18), a prefeitura de Arroio do Tigre foi palco de um evento marcante para a cultura local, sediando uma coletiva de imprensa que reuniu a equipe de grava\u00e7\u00e3o, roteiristas e o protagonista do curta-metragem &#8220;A On\u00e7a&#8221;. A obra audiovisual promete resgatar elementos hist\u00f3ricos do munic\u00edpio, trazendo \u00e0 tona suas ra\u00edzes de forma &hellip; <\/p>\n<p class=\"link-more\"><a href=\"https:\/\/www.arroiodotigre.rs.gov.br\/site\/2024\/04\/25\/equipe-conclui-gravacoes-do-curta-metragem-a-onca\/\" class=\"more-link\">Continue lendo<span class=\"screen-reader-text\"> &#8220;EQUIPE CONCLUI GRAVA\u00c7\u00d5ES DO CURTA-METRAGEM \u201cA ON\u00c7A\u201d&#8221;<\/span><\/a><\/p>\n","protected":false},"author":4,"featured_media":12285,"comment_status":"open","ping_status":"open","sticky":false,"template":"","format":"standard","meta":{"footnotes":""},"categories":[1],"tags":[],"class_list":["post-12289","post","type-post","status-publish","format-standard","has-post-thumbnail","hentry","category-sem-categoria","entry"],"_links":{"self":[{"href":"https:\/\/www.arroiodotigre.rs.gov.br\/site\/wp-json\/wp\/v2\/posts\/12289","targetHints":{"allow":["GET"]}}],"collection":[{"href":"https:\/\/www.arroiodotigre.rs.gov.br\/site\/wp-json\/wp\/v2\/posts"}],"about":[{"href":"https:\/\/www.arroiodotigre.rs.gov.br\/site\/wp-json\/wp\/v2\/types\/post"}],"author":[{"embeddable":true,"href":"https:\/\/www.arroiodotigre.rs.gov.br\/site\/wp-json\/wp\/v2\/users\/4"}],"replies":[{"embeddable":true,"href":"https:\/\/www.arroiodotigre.rs.gov.br\/site\/wp-json\/wp\/v2\/comments?post=12289"}],"version-history":[{"count":1,"href":"https:\/\/www.arroiodotigre.rs.gov.br\/site\/wp-json\/wp\/v2\/posts\/12289\/revisions"}],"predecessor-version":[{"id":12290,"href":"https:\/\/www.arroiodotigre.rs.gov.br\/site\/wp-json\/wp\/v2\/posts\/12289\/revisions\/12290"}],"wp:featuredmedia":[{"embeddable":true,"href":"https:\/\/www.arroiodotigre.rs.gov.br\/site\/wp-json\/wp\/v2\/media\/12285"}],"wp:attachment":[{"href":"https:\/\/www.arroiodotigre.rs.gov.br\/site\/wp-json\/wp\/v2\/media?parent=12289"}],"wp:term":[{"taxonomy":"category","embeddable":true,"href":"https:\/\/www.arroiodotigre.rs.gov.br\/site\/wp-json\/wp\/v2\/categories?post=12289"},{"taxonomy":"post_tag","embeddable":true,"href":"https:\/\/www.arroiodotigre.rs.gov.br\/site\/wp-json\/wp\/v2\/tags?post=12289"}],"curies":[{"name":"wp","href":"https:\/\/api.w.org\/{rel}","templated":true}]}}