{"id":10686,"date":"2023-10-13T15:16:03","date_gmt":"2023-10-13T18:16:03","guid":{"rendered":"https:\/\/www.arroiodotigre.rs.gov.br\/site\/?p=10686"},"modified":"2023-10-13T15:16:03","modified_gmt":"2023-10-13T18:16:03","slug":"estradas-e-ponte-do-interior-recebem-melhorias","status":"publish","type":"post","link":"https:\/\/www.arroiodotigre.rs.gov.br\/site\/2023\/10\/13\/estradas-e-ponte-do-interior-recebem-melhorias\/","title":{"rendered":"ESTRADAS E PONTE DO INTERIOR RECEBEM MELHORIAS"},"content":{"rendered":"\n<p>A Secretaria de Obras e Via\u00e7\u00e3o intensificou, na \u00faltima semana, a recupera\u00e7\u00e3o de estradas no interior. Conforme o secret\u00e1rio Nilson S\u00e9rgio dos Santos, foi priorizada a estrada geral que liga Linha Ita\u00faba e Linha Ressaca. J\u00e1 em Linha Rocinha, a estrada geral tamb\u00e9m recebeu melhorias e coloca\u00e7\u00e3o de material. Na mesma localidade, na ponte que faz divisa com Sobradinho, equipes executaram a recupera\u00e7\u00e3o da cabeceira da ponte em ambos os lados, oferecendo mais seguran\u00e7a a quem utiliza o trecho.<\/p>\n\n\n\n<p>O secret\u00e1rio Chico destaca que os epis\u00f3dios frequentes de chuva dos \u00faltimos dias t\u00eam desafiado as equipes, tendo em vista que o cronograma de melhorias pode ser afetado para que as equipes recuperem trechos em localidades mais atingidas pelos altos volumes de precipita\u00e7\u00e3o. Ele aproveitou para pedir paci\u00eancia aos moradores e a quem utiliza algumas estradas do interior, pois as equipes seguem um planejamento da Secretaria. Quem deseja contribuir informando algum servi\u00e7o necess\u00e1rio em sua localidade pode ligar para o telefone da Secretaria de Obras e Via\u00e7\u00e3o: 51 3747 1178.<\/p>\n\n\n\n<figure class=\"wp-block-gallery has-nested-images columns-default is-cropped wp-block-gallery-1 is-layout-flex wp-block-gallery-is-layout-flex\">\n<figure class=\"wp-block-image size-large\"><img loading=\"lazy\" decoding=\"async\" width=\"768\" height=\"1024\" data-id=\"10690\" src=\"https:\/\/www.arroiodotigre.rs.gov.br\/site\/wp-content\/uploads\/2023\/10\/ESTRADAS-E-PONTE-DO-INTERIOR-RECEBEM-MELHORIAS-2-768x1024.jpeg\" alt=\"\" class=\"wp-image-10690\" srcset=\"https:\/\/www.arroiodotigre.rs.gov.br\/site\/wp-content\/uploads\/2023\/10\/ESTRADAS-E-PONTE-DO-INTERIOR-RECEBEM-MELHORIAS-2-768x1024.jpeg 768w, https:\/\/www.arroiodotigre.rs.gov.br\/site\/wp-content\/uploads\/2023\/10\/ESTRADAS-E-PONTE-DO-INTERIOR-RECEBEM-MELHORIAS-2-225x300.jpeg 225w, https:\/\/www.arroiodotigre.rs.gov.br\/site\/wp-content\/uploads\/2023\/10\/ESTRADAS-E-PONTE-DO-INTERIOR-RECEBEM-MELHORIAS-2-1152x1536.jpeg 1152w, https:\/\/www.arroiodotigre.rs.gov.br\/site\/wp-content\/uploads\/2023\/10\/ESTRADAS-E-PONTE-DO-INTERIOR-RECEBEM-MELHORIAS-2.jpeg 1200w\" sizes=\"auto, (max-width: 768px) 100vw, 768px\" \/><\/figure>\n\n\n\n<figure class=\"wp-block-image size-large\"><img loading=\"lazy\" decoding=\"async\" width=\"768\" height=\"1024\" data-id=\"10688\" src=\"https:\/\/www.arroiodotigre.rs.gov.br\/site\/wp-content\/uploads\/2023\/10\/ESTRADAS-E-PONTE-DO-INTERIOR-RECEBEM-MELHORIAS-3-768x1024.jpeg\" alt=\"\" class=\"wp-image-10688\" srcset=\"https:\/\/www.arroiodotigre.rs.gov.br\/site\/wp-content\/uploads\/2023\/10\/ESTRADAS-E-PONTE-DO-INTERIOR-RECEBEM-MELHORIAS-3-768x1024.jpeg 768w, https:\/\/www.arroiodotigre.rs.gov.br\/site\/wp-content\/uploads\/2023\/10\/ESTRADAS-E-PONTE-DO-INTERIOR-RECEBEM-MELHORIAS-3-225x300.jpeg 225w, https:\/\/www.arroiodotigre.rs.gov.br\/site\/wp-content\/uploads\/2023\/10\/ESTRADAS-E-PONTE-DO-INTERIOR-RECEBEM-MELHORIAS-3-1152x1536.jpeg 1152w, https:\/\/www.arroiodotigre.rs.gov.br\/site\/wp-content\/uploads\/2023\/10\/ESTRADAS-E-PONTE-DO-INTERIOR-RECEBEM-MELHORIAS-3.jpeg 1200w\" sizes=\"auto, (max-width: 768px) 100vw, 768px\" \/><\/figure>\n\n\n\n<figure class=\"wp-block-image size-large\"><img loading=\"lazy\" decoding=\"async\" width=\"768\" height=\"1024\" data-id=\"10689\" src=\"https:\/\/www.arroiodotigre.rs.gov.br\/site\/wp-content\/uploads\/2023\/10\/ESTRADAS-E-PONTE-DO-INTERIOR-RECEBEM-MELHORIAS-4-768x1024.jpeg\" alt=\"\" class=\"wp-image-10689\" srcset=\"https:\/\/www.arroiodotigre.rs.gov.br\/site\/wp-content\/uploads\/2023\/10\/ESTRADAS-E-PONTE-DO-INTERIOR-RECEBEM-MELHORIAS-4-768x1024.jpeg 768w, https:\/\/www.arroiodotigre.rs.gov.br\/site\/wp-content\/uploads\/2023\/10\/ESTRADAS-E-PONTE-DO-INTERIOR-RECEBEM-MELHORIAS-4-225x300.jpeg 225w, https:\/\/www.arroiodotigre.rs.gov.br\/site\/wp-content\/uploads\/2023\/10\/ESTRADAS-E-PONTE-DO-INTERIOR-RECEBEM-MELHORIAS-4-1152x1536.jpeg 1152w, https:\/\/www.arroiodotigre.rs.gov.br\/site\/wp-content\/uploads\/2023\/10\/ESTRADAS-E-PONTE-DO-INTERIOR-RECEBEM-MELHORIAS-4.jpeg 1200w\" sizes=\"auto, (max-width: 768px) 100vw, 768px\" \/><\/figure>\n\n\n\n<figure class=\"wp-block-image size-large\"><img loading=\"lazy\" decoding=\"async\" width=\"768\" height=\"1024\" data-id=\"10687\" src=\"https:\/\/www.arroiodotigre.rs.gov.br\/site\/wp-content\/uploads\/2023\/10\/ESTRADAS-E-PONTE-DO-INTERIOR-RECEBEM-MELHORIAS-768x1024.jpeg\" alt=\"\" class=\"wp-image-10687\" srcset=\"https:\/\/www.arroiodotigre.rs.gov.br\/site\/wp-content\/uploads\/2023\/10\/ESTRADAS-E-PONTE-DO-INTERIOR-RECEBEM-MELHORIAS-768x1024.jpeg 768w, https:\/\/www.arroiodotigre.rs.gov.br\/site\/wp-content\/uploads\/2023\/10\/ESTRADAS-E-PONTE-DO-INTERIOR-RECEBEM-MELHORIAS-225x300.jpeg 225w, https:\/\/www.arroiodotigre.rs.gov.br\/site\/wp-content\/uploads\/2023\/10\/ESTRADAS-E-PONTE-DO-INTERIOR-RECEBEM-MELHORIAS-1152x1536.jpeg 1152w, https:\/\/www.arroiodotigre.rs.gov.br\/site\/wp-content\/uploads\/2023\/10\/ESTRADAS-E-PONTE-DO-INTERIOR-RECEBEM-MELHORIAS.jpeg 1200w\" sizes=\"auto, (max-width: 768px) 100vw, 768px\" \/><\/figure>\n<\/figure>\n","protected":false},"excerpt":{"rendered":"<p>A Secretaria de Obras e Via\u00e7\u00e3o intensificou, na \u00faltima semana, a recupera\u00e7\u00e3o de estradas no interior. Conforme o secret\u00e1rio Nilson S\u00e9rgio dos Santos, foi priorizada a estrada geral que liga Linha Ita\u00faba e Linha Ressaca. J\u00e1 em Linha Rocinha, a estrada geral tamb\u00e9m recebeu melhorias e coloca\u00e7\u00e3o de material. Na mesma localidade, na ponte que &hellip; <\/p>\n<p class=\"link-more\"><a href=\"https:\/\/www.arroiodotigre.rs.gov.br\/site\/2023\/10\/13\/estradas-e-ponte-do-interior-recebem-melhorias\/\" class=\"more-link\">Continue lendo<span class=\"screen-reader-text\"> &#8220;ESTRADAS E PONTE DO INTERIOR RECEBEM MELHORIAS&#8221;<\/span><\/a><\/p>\n","protected":false},"author":4,"featured_media":10690,"comment_status":"open","ping_status":"open","sticky":false,"template":"","format":"standard","meta":{"footnotes":""},"categories":[11],"tags":[],"class_list":["post-10686","post","type-post","status-publish","format-standard","has-post-thumbnail","hentry","category-noticias","entry"],"_links":{"self":[{"href":"https:\/\/www.arroiodotigre.rs.gov.br\/site\/wp-json\/wp\/v2\/posts\/10686","targetHints":{"allow":["GET"]}}],"collection":[{"href":"https:\/\/www.arroiodotigre.rs.gov.br\/site\/wp-json\/wp\/v2\/posts"}],"about":[{"href":"https:\/\/www.arroiodotigre.rs.gov.br\/site\/wp-json\/wp\/v2\/types\/post"}],"author":[{"embeddable":true,"href":"https:\/\/www.arroiodotigre.rs.gov.br\/site\/wp-json\/wp\/v2\/users\/4"}],"replies":[{"embeddable":true,"href":"https:\/\/www.arroiodotigre.rs.gov.br\/site\/wp-json\/wp\/v2\/comments?post=10686"}],"version-history":[{"count":1,"href":"https:\/\/www.arroiodotigre.rs.gov.br\/site\/wp-json\/wp\/v2\/posts\/10686\/revisions"}],"predecessor-version":[{"id":10691,"href":"https:\/\/www.arroiodotigre.rs.gov.br\/site\/wp-json\/wp\/v2\/posts\/10686\/revisions\/10691"}],"wp:featuredmedia":[{"embeddable":true,"href":"https:\/\/www.arroiodotigre.rs.gov.br\/site\/wp-json\/wp\/v2\/media\/10690"}],"wp:attachment":[{"href":"https:\/\/www.arroiodotigre.rs.gov.br\/site\/wp-json\/wp\/v2\/media?parent=10686"}],"wp:term":[{"taxonomy":"category","embeddable":true,"href":"https:\/\/www.arroiodotigre.rs.gov.br\/site\/wp-json\/wp\/v2\/categories?post=10686"},{"taxonomy":"post_tag","embeddable":true,"href":"https:\/\/www.arroiodotigre.rs.gov.br\/site\/wp-json\/wp\/v2\/tags?post=10686"}],"curies":[{"name":"wp","href":"https:\/\/api.w.org\/{rel}","templated":true}]}}