{"id":4208,"date":"2021-10-11T09:28:08","date_gmt":"2021-10-11T12:28:08","guid":{"rendered":"http:\/\/www.arroiodotigre.rs.gov.br\/site\/?p=4208"},"modified":"2021-10-11T09:28:08","modified_gmt":"2021-10-11T12:28:08","slug":"reuniao-com-os-coordenadores-dos-grupos-da-terceira-idade-de-arroio-do-tigre","status":"publish","type":"post","link":"http:\/\/www.arroiodotigre.rs.gov.br\/site\/2021\/10\/11\/reuniao-com-os-coordenadores-dos-grupos-da-terceira-idade-de-arroio-do-tigre\/","title":{"rendered":"Reuni\u00e3o com os coordenadores dos grupos da terceira idade de Arroio do Tigre"},"content":{"rendered":"\n<p>A Secretaria Municipal da Assist\u00eancia Social promoveu reuni\u00e3o com os Coordenadores de Grupos de Idosos do munic\u00edpio. Atualmente s\u00e3o 12 grupos distribu\u00eddos na Zona Rural e Urbana.<\/p>\n\n\n\n<p>A reuni\u00e3o organizada pela Secret\u00e1ria da Assist\u00eancia Social, Ezequi\u00e9li Vera Scotta, contou com a presen\u00e7a da Coordenadora T\u00e9cnica da Terceira Idade, Laise Kunz, e da Coordenadora Volunt\u00e1ria de Eventos, Elia Maria Mainardi Brixner, teve por objetivo o retorno das atividades presenciais para os grupos da terceira idade.<\/p>\n\n\n\n<p>Na pauta esteve as atividades at\u00e9 o final do ano e a programa\u00e7\u00e3o para 2022. O projeto &#8220;Envelhecer Bem na Integralidade do Ser&#8221; ir\u00e1 ser retomado de forma presencial respeitando os protocolos. Ficou acordado entre os grupos que para o pr\u00f3ximo ano ir\u00e1 se manter o cronograma de datas dos grupos, conforme prev\u00ea o Regimento Interno.<br>E para encerrar ficou planejado para o dia 18 de Novembro dentro das festividades alusivas aos 58 anos de emancipa\u00e7\u00e3o pol\u00edtica administrativa de Arroio do Tigre o PIC NIC da Terceira Idade no Parque de Eventos Atilio Pasa.<\/p>\n","protected":false},"excerpt":{"rendered":"<p>A Secretaria Municipal da Assist\u00eancia Social promoveu reuni\u00e3o com os Coordenadores de Grupos de Idosos do munic\u00edpio. Atualmente s\u00e3o 12 grupos distribu\u00eddos na Zona Rural e Urbana. A reuni\u00e3o organizada pela Secret\u00e1ria da Assist\u00eancia Social, Ezequi\u00e9li Vera Scotta, contou com a presen\u00e7a da Coordenadora T\u00e9cnica da Terceira Idade, Laise Kunz, e da Coordenadora Volunt\u00e1ria de &hellip; <\/p>\n<p class=\"link-more\"><a href=\"http:\/\/www.arroiodotigre.rs.gov.br\/site\/2021\/10\/11\/reuniao-com-os-coordenadores-dos-grupos-da-terceira-idade-de-arroio-do-tigre\/\" class=\"more-link\">Continue lendo<span class=\"screen-reader-text\"> &#8220;Reuni\u00e3o com os coordenadores dos grupos da terceira idade de Arroio do Tigre&#8221;<\/span><\/a><\/p>\n","protected":false},"author":3,"featured_media":4209,"comment_status":"open","ping_status":"open","sticky":false,"template":"","format":"standard","meta":{"footnotes":""},"categories":[11],"tags":[],"class_list":["post-4208","post","type-post","status-publish","format-standard","has-post-thumbnail","hentry","category-noticias","entry"],"_links":{"self":[{"href":"http:\/\/www.arroiodotigre.rs.gov.br\/site\/wp-json\/wp\/v2\/posts\/4208","targetHints":{"allow":["GET"]}}],"collection":[{"href":"http:\/\/www.arroiodotigre.rs.gov.br\/site\/wp-json\/wp\/v2\/posts"}],"about":[{"href":"http:\/\/www.arroiodotigre.rs.gov.br\/site\/wp-json\/wp\/v2\/types\/post"}],"author":[{"embeddable":true,"href":"http:\/\/www.arroiodotigre.rs.gov.br\/site\/wp-json\/wp\/v2\/users\/3"}],"replies":[{"embeddable":true,"href":"http:\/\/www.arroiodotigre.rs.gov.br\/site\/wp-json\/wp\/v2\/comments?post=4208"}],"version-history":[{"count":1,"href":"http:\/\/www.arroiodotigre.rs.gov.br\/site\/wp-json\/wp\/v2\/posts\/4208\/revisions"}],"predecessor-version":[{"id":4210,"href":"http:\/\/www.arroiodotigre.rs.gov.br\/site\/wp-json\/wp\/v2\/posts\/4208\/revisions\/4210"}],"wp:featuredmedia":[{"embeddable":true,"href":"http:\/\/www.arroiodotigre.rs.gov.br\/site\/wp-json\/wp\/v2\/media\/4209"}],"wp:attachment":[{"href":"http:\/\/www.arroiodotigre.rs.gov.br\/site\/wp-json\/wp\/v2\/media?parent=4208"}],"wp:term":[{"taxonomy":"category","embeddable":true,"href":"http:\/\/www.arroiodotigre.rs.gov.br\/site\/wp-json\/wp\/v2\/categories?post=4208"},{"taxonomy":"post_tag","embeddable":true,"href":"http:\/\/www.arroiodotigre.rs.gov.br\/site\/wp-json\/wp\/v2\/tags?post=4208"}],"curies":[{"name":"wp","href":"https:\/\/api.w.org\/{rel}","templated":true}]}}