{"id":3680,"date":"2021-09-08T09:24:27","date_gmt":"2021-09-08T12:24:27","guid":{"rendered":"http:\/\/www.arroiodotigre.rs.gov.br\/site\/?p=3680"},"modified":"2021-09-08T09:24:27","modified_gmt":"2021-09-08T12:24:27","slug":"homenagem-da-escola-ervino-a-g-konrad-apresenta-pilar-paixao-meio-ambiente-e-paisagismo","status":"publish","type":"post","link":"http:\/\/www.arroiodotigre.rs.gov.br\/site\/2021\/09\/08\/homenagem-da-escola-ervino-a-g-konrad-apresenta-pilar-paixao-meio-ambiente-e-paisagismo\/","title":{"rendered":"Homenagem da Escola Ervino A. G. Konrad apresenta Pilar &#8220;Paix\u00e3o&#8221;: Meio ambiente e paisagismo"},"content":{"rendered":"\n<p>TODOS SOMOS FEITOS DE PAIX\u00c3O&#8230;.<\/p>\n\n\n\n<p>Paix\u00e3o ou PAIX\u00d5ES \u00e9 a luz que ilumina o percurso que chamamos de vida!<\/p>\n\n\n\n<p>Na busca daquilo que queremos precisamos manter viva a chama de nossas paix\u00f5es para que a jornada seja mais leve, mais alegre e doce.<\/p>\n\n\n\n<p>Talvez, nossas paix\u00f5es sejam nosso legado.<\/p>\n\n\n\n<p>Uma das paix\u00f5es de nosso homenageado era o MEIO AMBIENTE, o BELO, o PAISAGISMO, A NATUREZA&#8230; ESSA PAIX\u00c3O O DEFINE.<\/p>\n\n\n\n<p>Confira o<a rel=\"noreferrer noopener\" href=\"https:\/\/www.facebook.com\/1429594577277295\/videos\/1250882388693441\" data-type=\"URL\" data-id=\"https:\/\/www.facebook.com\/1429594577277295\/videos\/1250882388693441\" target=\"_blank\"> v\u00eddeo<\/a> feito pela ESCOLA ERVINO A. G. KONRAD DE LINHA S\u00c3O ROQUE, em que apresentam o PILAR &#8220;PAIX\u00c3O: MEIO AMBIENTE E PAISAGISMO.&#8221; de nosso homenageado, GENTIL LUIZ KONRAD.<\/p>\n","protected":false},"excerpt":{"rendered":"<p>TODOS SOMOS FEITOS DE PAIX\u00c3O&#8230;. Paix\u00e3o ou PAIX\u00d5ES \u00e9 a luz que ilumina o percurso que chamamos de vida! Na busca daquilo que queremos precisamos manter viva a chama de nossas paix\u00f5es para que a jornada seja mais leve, mais alegre e doce. Talvez, nossas paix\u00f5es sejam nosso legado. Uma das paix\u00f5es de nosso homenageado &hellip; <\/p>\n<p class=\"link-more\"><a href=\"http:\/\/www.arroiodotigre.rs.gov.br\/site\/2021\/09\/08\/homenagem-da-escola-ervino-a-g-konrad-apresenta-pilar-paixao-meio-ambiente-e-paisagismo\/\" class=\"more-link\">Continue lendo<span class=\"screen-reader-text\"> &#8220;Homenagem da Escola Ervino A. G. Konrad apresenta Pilar &#8220;Paix\u00e3o&#8221;: Meio ambiente e paisagismo&#8221;<\/span><\/a><\/p>\n","protected":false},"author":3,"featured_media":3681,"comment_status":"open","ping_status":"open","sticky":false,"template":"","format":"standard","meta":{"footnotes":""},"categories":[17,11],"tags":[],"class_list":["post-3680","post","type-post","status-publish","format-standard","has-post-thumbnail","hentry","category-educacao","category-noticias","entry"],"_links":{"self":[{"href":"http:\/\/www.arroiodotigre.rs.gov.br\/site\/wp-json\/wp\/v2\/posts\/3680","targetHints":{"allow":["GET"]}}],"collection":[{"href":"http:\/\/www.arroiodotigre.rs.gov.br\/site\/wp-json\/wp\/v2\/posts"}],"about":[{"href":"http:\/\/www.arroiodotigre.rs.gov.br\/site\/wp-json\/wp\/v2\/types\/post"}],"author":[{"embeddable":true,"href":"http:\/\/www.arroiodotigre.rs.gov.br\/site\/wp-json\/wp\/v2\/users\/3"}],"replies":[{"embeddable":true,"href":"http:\/\/www.arroiodotigre.rs.gov.br\/site\/wp-json\/wp\/v2\/comments?post=3680"}],"version-history":[{"count":1,"href":"http:\/\/www.arroiodotigre.rs.gov.br\/site\/wp-json\/wp\/v2\/posts\/3680\/revisions"}],"predecessor-version":[{"id":3682,"href":"http:\/\/www.arroiodotigre.rs.gov.br\/site\/wp-json\/wp\/v2\/posts\/3680\/revisions\/3682"}],"wp:featuredmedia":[{"embeddable":true,"href":"http:\/\/www.arroiodotigre.rs.gov.br\/site\/wp-json\/wp\/v2\/media\/3681"}],"wp:attachment":[{"href":"http:\/\/www.arroiodotigre.rs.gov.br\/site\/wp-json\/wp\/v2\/media?parent=3680"}],"wp:term":[{"taxonomy":"category","embeddable":true,"href":"http:\/\/www.arroiodotigre.rs.gov.br\/site\/wp-json\/wp\/v2\/categories?post=3680"},{"taxonomy":"post_tag","embeddable":true,"href":"http:\/\/www.arroiodotigre.rs.gov.br\/site\/wp-json\/wp\/v2\/tags?post=3680"}],"curies":[{"name":"wp","href":"https:\/\/api.w.org\/{rel}","templated":true}]}}