{"id":10802,"date":"2023-11-20T17:07:01","date_gmt":"2023-11-20T20:07:01","guid":{"rendered":"https:\/\/www.arroiodotigre.rs.gov.br\/site\/?p=10802"},"modified":"2023-11-20T17:07:01","modified_gmt":"2023-11-20T20:07:01","slug":"dia-cultural-da-terceira-idade-reune-doze-grupos-de-idosos","status":"publish","type":"post","link":"http:\/\/www.arroiodotigre.rs.gov.br\/site\/2023\/11\/20\/dia-cultural-da-terceira-idade-reune-doze-grupos-de-idosos\/","title":{"rendered":"DIA CULTURAL DA TERCEIRA IDADE RE\u00daNE DOZE GRUPOS DE IDOSOS"},"content":{"rendered":"\n<p>A Secretaria da Assist\u00eancia Social promoveu mais um Encontro Cultural da Terceira Idade. O vento foi realizado na quarta-feira (08), nas depend\u00eancias do Clube 25 de Julho e reuniu mais de 400 idosos organizados em 12 grupos. As atividades contaram com a presen\u00e7a do prefeito Marciano Ravanello; da primeira-dama Cl\u00e1udia Maria Konrad Ravanello; da esposa do vice-prefeito, Iara Francisca Eichner Hermes; do secret\u00e1rio de Assist\u00eancia Social Sandro Jos\u00e9 Radtke Timm; al\u00e9m de demais secret\u00e1rios, vereadores e toda a equipe do CRAS. Durante o encontro tamb\u00e9m teve espa\u00e7o o grupo de caminhadas, coordenado pela professora de educa\u00e7\u00e3o f\u00edsica e geront\u00f3loga, La\u00edse Kunz. Na oportunidade foi explanado sobre a import\u00e2ncia da pr\u00e1tica de atividades f\u00edsicas na terceira idade e os benef\u00edcio para um envelhecer saud\u00e1vel.<\/p>\n\n\n\n<p>O evento destacou a hist\u00f3ria de cada um dos 12 grupos participantes, com os integrantes dos grupos contando suas hist\u00f3rias e como o grupo come\u00e7ou, al\u00e9m de enfatizar a comunidade a qual pertencem. Segundo o secret\u00e1rio Sandro Timm, foi um dia de muita alegria e emo\u00e7\u00e3o com os integrantes dos grupos relembrando os pioneiros e contando suas hist\u00f3rias. \u201cFoi algo que nos emocionou e marcou muito nesses 60 anos de Arroio do Tigre\u201d, revelou. O dia contou com muita integra\u00e7\u00e3o entre os idosos, com diversas atividades que proporcionaram a socializa\u00e7\u00e3o dos grupos. Ao meio-dia foi servido almo\u00e7o no local e \u00e0 tarde teve dan\u00e7a.<\/p>\n\n\n\n<p>O prefeito Marciano Ravanello falou da sua satisfa\u00e7\u00e3o em poder ver novamente os idosos reunidos em um dia festivo e ficou muito feliz em ouvir as hist\u00f3rias contadas sobre a funda\u00e7\u00e3o de cada um dos grupos. Segundo ele, atividades como essas, al\u00e9m de estimular a socializa\u00e7\u00e3o entre os idosos, s\u00e3o muito prazerosas. \u201cNossa Administra\u00e7\u00e3o tem olhada com muito carinho para essas pessoas e cuidado de cada um deles, que ajudam a manter viva a hist\u00f3ria do nosso munic\u00edpio, atrav\u00e9s de suas lembran\u00e7as e viv\u00eancias nesses 60 anos\u201d, ressaltou Ravanello.<\/p>\n\n\n\n<figure class=\"wp-block-gallery has-nested-images columns-default is-cropped wp-block-gallery-1 is-layout-flex wp-block-gallery-is-layout-flex\">\n<figure class=\"wp-block-image size-large\"><img loading=\"lazy\" decoding=\"async\" width=\"766\" height=\"1024\" data-id=\"10803\" src=\"https:\/\/www.arroiodotigre.rs.gov.br\/site\/wp-content\/uploads\/2023\/11\/DIA-CULTURAL-DA-TERCEIRA-IDADE-REUNE-DOZE-GRUPOS-DE-IDOSOS-2-766x1024.jpeg\" alt=\"\" class=\"wp-image-10803\" srcset=\"http:\/\/www.arroiodotigre.rs.gov.br\/site\/wp-content\/uploads\/2023\/11\/DIA-CULTURAL-DA-TERCEIRA-IDADE-REUNE-DOZE-GRUPOS-DE-IDOSOS-2-766x1024.jpeg 766w, http:\/\/www.arroiodotigre.rs.gov.br\/site\/wp-content\/uploads\/2023\/11\/DIA-CULTURAL-DA-TERCEIRA-IDADE-REUNE-DOZE-GRUPOS-DE-IDOSOS-2-224x300.jpeg 224w, http:\/\/www.arroiodotigre.rs.gov.br\/site\/wp-content\/uploads\/2023\/11\/DIA-CULTURAL-DA-TERCEIRA-IDADE-REUNE-DOZE-GRUPOS-DE-IDOSOS-2-768x1027.jpeg 768w, http:\/\/www.arroiodotigre.rs.gov.br\/site\/wp-content\/uploads\/2023\/11\/DIA-CULTURAL-DA-TERCEIRA-IDADE-REUNE-DOZE-GRUPOS-DE-IDOSOS-2-1149x1536.jpeg 1149w, http:\/\/www.arroiodotigre.rs.gov.br\/site\/wp-content\/uploads\/2023\/11\/DIA-CULTURAL-DA-TERCEIRA-IDADE-REUNE-DOZE-GRUPOS-DE-IDOSOS-2.jpeg 1197w\" sizes=\"auto, (max-width: 766px) 100vw, 766px\" \/><\/figure>\n\n\n\n<figure class=\"wp-block-image size-large\"><img loading=\"lazy\" decoding=\"async\" width=\"1024\" height=\"766\" data-id=\"10813\" src=\"https:\/\/www.arroiodotigre.rs.gov.br\/site\/wp-content\/uploads\/2023\/11\/DIA-CULTURAL-DA-TERCEIRA-IDADE-REUNE-DOZE-GRUPOS-DE-IDOSOS-3-1024x766.jpeg\" alt=\"\" class=\"wp-image-10813\" srcset=\"http:\/\/www.arroiodotigre.rs.gov.br\/site\/wp-content\/uploads\/2023\/11\/DIA-CULTURAL-DA-TERCEIRA-IDADE-REUNE-DOZE-GRUPOS-DE-IDOSOS-3-1024x766.jpeg 1024w, http:\/\/www.arroiodotigre.rs.gov.br\/site\/wp-content\/uploads\/2023\/11\/DIA-CULTURAL-DA-TERCEIRA-IDADE-REUNE-DOZE-GRUPOS-DE-IDOSOS-3-300x224.jpeg 300w, http:\/\/www.arroiodotigre.rs.gov.br\/site\/wp-content\/uploads\/2023\/11\/DIA-CULTURAL-DA-TERCEIRA-IDADE-REUNE-DOZE-GRUPOS-DE-IDOSOS-3-768x575.jpeg 768w, http:\/\/www.arroiodotigre.rs.gov.br\/site\/wp-content\/uploads\/2023\/11\/DIA-CULTURAL-DA-TERCEIRA-IDADE-REUNE-DOZE-GRUPOS-DE-IDOSOS-3-1536x1149.jpeg 1536w, http:\/\/www.arroiodotigre.rs.gov.br\/site\/wp-content\/uploads\/2023\/11\/DIA-CULTURAL-DA-TERCEIRA-IDADE-REUNE-DOZE-GRUPOS-DE-IDOSOS-3-1568x1173.jpeg 1568w, http:\/\/www.arroiodotigre.rs.gov.br\/site\/wp-content\/uploads\/2023\/11\/DIA-CULTURAL-DA-TERCEIRA-IDADE-REUNE-DOZE-GRUPOS-DE-IDOSOS-3.jpeg 1600w\" sizes=\"auto, (max-width: 1024px) 100vw, 1024px\" \/><\/figure>\n\n\n\n<figure class=\"wp-block-image size-large\"><img loading=\"lazy\" decoding=\"async\" width=\"1024\" height=\"768\" data-id=\"10807\" src=\"https:\/\/www.arroiodotigre.rs.gov.br\/site\/wp-content\/uploads\/2023\/11\/DIA-CULTURAL-DA-TERCEIRA-IDADE-REUNE-DOZE-GRUPOS-DE-IDOSOS-4-1024x768.jpeg\" alt=\"\" class=\"wp-image-10807\" srcset=\"http:\/\/www.arroiodotigre.rs.gov.br\/site\/wp-content\/uploads\/2023\/11\/DIA-CULTURAL-DA-TERCEIRA-IDADE-REUNE-DOZE-GRUPOS-DE-IDOSOS-4-1024x768.jpeg 1024w, http:\/\/www.arroiodotigre.rs.gov.br\/site\/wp-content\/uploads\/2023\/11\/DIA-CULTURAL-DA-TERCEIRA-IDADE-REUNE-DOZE-GRUPOS-DE-IDOSOS-4-300x225.jpeg 300w, http:\/\/www.arroiodotigre.rs.gov.br\/site\/wp-content\/uploads\/2023\/11\/DIA-CULTURAL-DA-TERCEIRA-IDADE-REUNE-DOZE-GRUPOS-DE-IDOSOS-4-768x576.jpeg 768w, http:\/\/www.arroiodotigre.rs.gov.br\/site\/wp-content\/uploads\/2023\/11\/DIA-CULTURAL-DA-TERCEIRA-IDADE-REUNE-DOZE-GRUPOS-DE-IDOSOS-4.jpeg 1280w\" sizes=\"auto, (max-width: 1024px) 100vw, 1024px\" \/><\/figure>\n\n\n\n<figure class=\"wp-block-image size-large\"><img loading=\"lazy\" decoding=\"async\" width=\"1024\" height=\"768\" data-id=\"10804\" src=\"https:\/\/www.arroiodotigre.rs.gov.br\/site\/wp-content\/uploads\/2023\/11\/DIA-CULTURAL-DA-TERCEIRA-IDADE-REUNE-DOZE-GRUPOS-DE-IDOSOS-5-1024x768.jpeg\" alt=\"\" class=\"wp-image-10804\" srcset=\"http:\/\/www.arroiodotigre.rs.gov.br\/site\/wp-content\/uploads\/2023\/11\/DIA-CULTURAL-DA-TERCEIRA-IDADE-REUNE-DOZE-GRUPOS-DE-IDOSOS-5-1024x768.jpeg 1024w, http:\/\/www.arroiodotigre.rs.gov.br\/site\/wp-content\/uploads\/2023\/11\/DIA-CULTURAL-DA-TERCEIRA-IDADE-REUNE-DOZE-GRUPOS-DE-IDOSOS-5-300x225.jpeg 300w, http:\/\/www.arroiodotigre.rs.gov.br\/site\/wp-content\/uploads\/2023\/11\/DIA-CULTURAL-DA-TERCEIRA-IDADE-REUNE-DOZE-GRUPOS-DE-IDOSOS-5-768x576.jpeg 768w, http:\/\/www.arroiodotigre.rs.gov.br\/site\/wp-content\/uploads\/2023\/11\/DIA-CULTURAL-DA-TERCEIRA-IDADE-REUNE-DOZE-GRUPOS-DE-IDOSOS-5.jpeg 1280w\" sizes=\"auto, (max-width: 1024px) 100vw, 1024px\" \/><\/figure>\n\n\n\n<figure class=\"wp-block-image size-large\"><img loading=\"lazy\" decoding=\"async\" width=\"768\" height=\"1024\" data-id=\"10808\" src=\"https:\/\/www.arroiodotigre.rs.gov.br\/site\/wp-content\/uploads\/2023\/11\/DIA-CULTURAL-DA-TERCEIRA-IDADE-REUNE-DOZE-GRUPOS-DE-IDOSOS-6-768x1024.jpeg\" alt=\"\" class=\"wp-image-10808\" srcset=\"http:\/\/www.arroiodotigre.rs.gov.br\/site\/wp-content\/uploads\/2023\/11\/DIA-CULTURAL-DA-TERCEIRA-IDADE-REUNE-DOZE-GRUPOS-DE-IDOSOS-6-768x1024.jpeg 768w, http:\/\/www.arroiodotigre.rs.gov.br\/site\/wp-content\/uploads\/2023\/11\/DIA-CULTURAL-DA-TERCEIRA-IDADE-REUNE-DOZE-GRUPOS-DE-IDOSOS-6-225x300.jpeg 225w, http:\/\/www.arroiodotigre.rs.gov.br\/site\/wp-content\/uploads\/2023\/11\/DIA-CULTURAL-DA-TERCEIRA-IDADE-REUNE-DOZE-GRUPOS-DE-IDOSOS-6.jpeg 960w\" sizes=\"auto, (max-width: 768px) 100vw, 768px\" \/><\/figure>\n\n\n\n<figure class=\"wp-block-image size-large\"><img loading=\"lazy\" decoding=\"async\" width=\"768\" height=\"1024\" data-id=\"10805\" src=\"https:\/\/www.arroiodotigre.rs.gov.br\/site\/wp-content\/uploads\/2023\/11\/DIA-CULTURAL-DA-TERCEIRA-IDADE-REUNE-DOZE-GRUPOS-DE-IDOSOS-7-768x1024.jpeg\" alt=\"\" class=\"wp-image-10805\" srcset=\"http:\/\/www.arroiodotigre.rs.gov.br\/site\/wp-content\/uploads\/2023\/11\/DIA-CULTURAL-DA-TERCEIRA-IDADE-REUNE-DOZE-GRUPOS-DE-IDOSOS-7-768x1024.jpeg 768w, http:\/\/www.arroiodotigre.rs.gov.br\/site\/wp-content\/uploads\/2023\/11\/DIA-CULTURAL-DA-TERCEIRA-IDADE-REUNE-DOZE-GRUPOS-DE-IDOSOS-7-225x300.jpeg 225w, http:\/\/www.arroiodotigre.rs.gov.br\/site\/wp-content\/uploads\/2023\/11\/DIA-CULTURAL-DA-TERCEIRA-IDADE-REUNE-DOZE-GRUPOS-DE-IDOSOS-7.jpeg 960w\" sizes=\"auto, (max-width: 768px) 100vw, 768px\" \/><\/figure>\n\n\n\n<figure class=\"wp-block-image size-large\"><img loading=\"lazy\" decoding=\"async\" width=\"768\" height=\"1024\" data-id=\"10809\" src=\"https:\/\/www.arroiodotigre.rs.gov.br\/site\/wp-content\/uploads\/2023\/11\/DIA-CULTURAL-DA-TERCEIRA-IDADE-REUNE-DOZE-GRUPOS-DE-IDOSOS-8.jpeg\" alt=\"\" class=\"wp-image-10809\" srcset=\"http:\/\/www.arroiodotigre.rs.gov.br\/site\/wp-content\/uploads\/2023\/11\/DIA-CULTURAL-DA-TERCEIRA-IDADE-REUNE-DOZE-GRUPOS-DE-IDOSOS-8.jpeg 768w, http:\/\/www.arroiodotigre.rs.gov.br\/site\/wp-content\/uploads\/2023\/11\/DIA-CULTURAL-DA-TERCEIRA-IDADE-REUNE-DOZE-GRUPOS-DE-IDOSOS-8-225x300.jpeg 225w\" sizes=\"auto, (max-width: 768px) 100vw, 768px\" \/><\/figure>\n\n\n\n<figure class=\"wp-block-image size-large\"><img loading=\"lazy\" decoding=\"async\" width=\"768\" height=\"1024\" data-id=\"10806\" src=\"https:\/\/www.arroiodotigre.rs.gov.br\/site\/wp-content\/uploads\/2023\/11\/DIA-CULTURAL-DA-TERCEIRA-IDADE-REUNE-DOZE-GRUPOS-DE-IDOSOS-9-768x1024.jpeg\" alt=\"\" class=\"wp-image-10806\" srcset=\"http:\/\/www.arroiodotigre.rs.gov.br\/site\/wp-content\/uploads\/2023\/11\/DIA-CULTURAL-DA-TERCEIRA-IDADE-REUNE-DOZE-GRUPOS-DE-IDOSOS-9-768x1024.jpeg 768w, http:\/\/www.arroiodotigre.rs.gov.br\/site\/wp-content\/uploads\/2023\/11\/DIA-CULTURAL-DA-TERCEIRA-IDADE-REUNE-DOZE-GRUPOS-DE-IDOSOS-9-225x300.jpeg 225w, http:\/\/www.arroiodotigre.rs.gov.br\/site\/wp-content\/uploads\/2023\/11\/DIA-CULTURAL-DA-TERCEIRA-IDADE-REUNE-DOZE-GRUPOS-DE-IDOSOS-9.jpeg 960w\" sizes=\"auto, (max-width: 768px) 100vw, 768px\" \/><\/figure>\n\n\n\n<figure class=\"wp-block-image size-large\"><img loading=\"lazy\" decoding=\"async\" width=\"768\" height=\"1024\" data-id=\"10810\" src=\"https:\/\/www.arroiodotigre.rs.gov.br\/site\/wp-content\/uploads\/2023\/11\/DIA-CULTURAL-DA-TERCEIRA-IDADE-REUNE-DOZE-GRUPOS-DE-IDOSOS-10-768x1024.jpeg\" alt=\"\" class=\"wp-image-10810\" srcset=\"http:\/\/www.arroiodotigre.rs.gov.br\/site\/wp-content\/uploads\/2023\/11\/DIA-CULTURAL-DA-TERCEIRA-IDADE-REUNE-DOZE-GRUPOS-DE-IDOSOS-10-768x1024.jpeg 768w, http:\/\/www.arroiodotigre.rs.gov.br\/site\/wp-content\/uploads\/2023\/11\/DIA-CULTURAL-DA-TERCEIRA-IDADE-REUNE-DOZE-GRUPOS-DE-IDOSOS-10-225x300.jpeg 225w, http:\/\/www.arroiodotigre.rs.gov.br\/site\/wp-content\/uploads\/2023\/11\/DIA-CULTURAL-DA-TERCEIRA-IDADE-REUNE-DOZE-GRUPOS-DE-IDOSOS-10.jpeg 960w\" sizes=\"auto, (max-width: 768px) 100vw, 768px\" \/><\/figure>\n\n\n\n<figure class=\"wp-block-image size-large\"><img loading=\"lazy\" decoding=\"async\" width=\"768\" height=\"1024\" data-id=\"10811\" src=\"https:\/\/www.arroiodotigre.rs.gov.br\/site\/wp-content\/uploads\/2023\/11\/DIA-CULTURAL-DA-TERCEIRA-IDADE-REUNE-DOZE-GRUPOS-DE-IDOSOS-11-768x1024.jpeg\" alt=\"\" class=\"wp-image-10811\" srcset=\"http:\/\/www.arroiodotigre.rs.gov.br\/site\/wp-content\/uploads\/2023\/11\/DIA-CULTURAL-DA-TERCEIRA-IDADE-REUNE-DOZE-GRUPOS-DE-IDOSOS-11-768x1024.jpeg 768w, http:\/\/www.arroiodotigre.rs.gov.br\/site\/wp-content\/uploads\/2023\/11\/DIA-CULTURAL-DA-TERCEIRA-IDADE-REUNE-DOZE-GRUPOS-DE-IDOSOS-11-225x300.jpeg 225w, http:\/\/www.arroiodotigre.rs.gov.br\/site\/wp-content\/uploads\/2023\/11\/DIA-CULTURAL-DA-TERCEIRA-IDADE-REUNE-DOZE-GRUPOS-DE-IDOSOS-11.jpeg 960w\" sizes=\"auto, (max-width: 768px) 100vw, 768px\" \/><\/figure>\n\n\n\n<figure class=\"wp-block-image size-large\"><img loading=\"lazy\" decoding=\"async\" width=\"768\" height=\"1024\" data-id=\"10814\" src=\"https:\/\/www.arroiodotigre.rs.gov.br\/site\/wp-content\/uploads\/2023\/11\/DIA-CULTURAL-DA-TERCEIRA-IDADE-REUNE-DOZE-GRUPOS-DE-IDOSOS-12-768x1024.jpeg\" alt=\"\" class=\"wp-image-10814\" srcset=\"http:\/\/www.arroiodotigre.rs.gov.br\/site\/wp-content\/uploads\/2023\/11\/DIA-CULTURAL-DA-TERCEIRA-IDADE-REUNE-DOZE-GRUPOS-DE-IDOSOS-12-768x1024.jpeg 768w, http:\/\/www.arroiodotigre.rs.gov.br\/site\/wp-content\/uploads\/2023\/11\/DIA-CULTURAL-DA-TERCEIRA-IDADE-REUNE-DOZE-GRUPOS-DE-IDOSOS-12-225x300.jpeg 225w, http:\/\/www.arroiodotigre.rs.gov.br\/site\/wp-content\/uploads\/2023\/11\/DIA-CULTURAL-DA-TERCEIRA-IDADE-REUNE-DOZE-GRUPOS-DE-IDOSOS-12-1152x1536.jpeg 1152w, http:\/\/www.arroiodotigre.rs.gov.br\/site\/wp-content\/uploads\/2023\/11\/DIA-CULTURAL-DA-TERCEIRA-IDADE-REUNE-DOZE-GRUPOS-DE-IDOSOS-12.jpeg 1200w\" sizes=\"auto, (max-width: 768px) 100vw, 768px\" \/><\/figure>\n\n\n\n<figure class=\"wp-block-image size-large\"><img loading=\"lazy\" decoding=\"async\" width=\"766\" height=\"1024\" data-id=\"10812\" src=\"https:\/\/www.arroiodotigre.rs.gov.br\/site\/wp-content\/uploads\/2023\/11\/DIA-CULTURAL-DA-TERCEIRA-IDADE-REUNE-DOZE-GRUPOS-DE-IDOSOS-766x1024.jpeg\" alt=\"\" class=\"wp-image-10812\" srcset=\"http:\/\/www.arroiodotigre.rs.gov.br\/site\/wp-content\/uploads\/2023\/11\/DIA-CULTURAL-DA-TERCEIRA-IDADE-REUNE-DOZE-GRUPOS-DE-IDOSOS-766x1024.jpeg 766w, http:\/\/www.arroiodotigre.rs.gov.br\/site\/wp-content\/uploads\/2023\/11\/DIA-CULTURAL-DA-TERCEIRA-IDADE-REUNE-DOZE-GRUPOS-DE-IDOSOS-224x300.jpeg 224w, http:\/\/www.arroiodotigre.rs.gov.br\/site\/wp-content\/uploads\/2023\/11\/DIA-CULTURAL-DA-TERCEIRA-IDADE-REUNE-DOZE-GRUPOS-DE-IDOSOS-768x1027.jpeg 768w, http:\/\/www.arroiodotigre.rs.gov.br\/site\/wp-content\/uploads\/2023\/11\/DIA-CULTURAL-DA-TERCEIRA-IDADE-REUNE-DOZE-GRUPOS-DE-IDOSOS-1149x1536.jpeg 1149w, http:\/\/www.arroiodotigre.rs.gov.br\/site\/wp-content\/uploads\/2023\/11\/DIA-CULTURAL-DA-TERCEIRA-IDADE-REUNE-DOZE-GRUPOS-DE-IDOSOS.jpeg 1197w\" sizes=\"auto, (max-width: 766px) 100vw, 766px\" \/><\/figure>\n<\/figure>\n","protected":false},"excerpt":{"rendered":"<p>A Secretaria da Assist\u00eancia Social promoveu mais um Encontro Cultural da Terceira Idade. O vento foi realizado na quarta-feira (08), nas depend\u00eancias do Clube 25 de Julho e reuniu mais de 400 idosos organizados em 12 grupos. As atividades contaram com a presen\u00e7a do prefeito Marciano Ravanello; da primeira-dama Cl\u00e1udia Maria Konrad Ravanello; da esposa &hellip; <\/p>\n<p class=\"link-more\"><a href=\"http:\/\/www.arroiodotigre.rs.gov.br\/site\/2023\/11\/20\/dia-cultural-da-terceira-idade-reune-doze-grupos-de-idosos\/\" class=\"more-link\">Continue lendo<span class=\"screen-reader-text\"> &#8220;DIA CULTURAL DA TERCEIRA IDADE RE\u00daNE DOZE GRUPOS DE IDOSOS&#8221;<\/span><\/a><\/p>\n","protected":false},"author":4,"featured_media":10804,"comment_status":"open","ping_status":"open","sticky":false,"template":"","format":"standard","meta":{"footnotes":""},"categories":[11],"tags":[],"class_list":["post-10802","post","type-post","status-publish","format-standard","has-post-thumbnail","hentry","category-noticias","entry"],"_links":{"self":[{"href":"http:\/\/www.arroiodotigre.rs.gov.br\/site\/wp-json\/wp\/v2\/posts\/10802","targetHints":{"allow":["GET"]}}],"collection":[{"href":"http:\/\/www.arroiodotigre.rs.gov.br\/site\/wp-json\/wp\/v2\/posts"}],"about":[{"href":"http:\/\/www.arroiodotigre.rs.gov.br\/site\/wp-json\/wp\/v2\/types\/post"}],"author":[{"embeddable":true,"href":"http:\/\/www.arroiodotigre.rs.gov.br\/site\/wp-json\/wp\/v2\/users\/4"}],"replies":[{"embeddable":true,"href":"http:\/\/www.arroiodotigre.rs.gov.br\/site\/wp-json\/wp\/v2\/comments?post=10802"}],"version-history":[{"count":1,"href":"http:\/\/www.arroiodotigre.rs.gov.br\/site\/wp-json\/wp\/v2\/posts\/10802\/revisions"}],"predecessor-version":[{"id":10815,"href":"http:\/\/www.arroiodotigre.rs.gov.br\/site\/wp-json\/wp\/v2\/posts\/10802\/revisions\/10815"}],"wp:featuredmedia":[{"embeddable":true,"href":"http:\/\/www.arroiodotigre.rs.gov.br\/site\/wp-json\/wp\/v2\/media\/10804"}],"wp:attachment":[{"href":"http:\/\/www.arroiodotigre.rs.gov.br\/site\/wp-json\/wp\/v2\/media?parent=10802"}],"wp:term":[{"taxonomy":"category","embeddable":true,"href":"http:\/\/www.arroiodotigre.rs.gov.br\/site\/wp-json\/wp\/v2\/categories?post=10802"},{"taxonomy":"post_tag","embeddable":true,"href":"http:\/\/www.arroiodotigre.rs.gov.br\/site\/wp-json\/wp\/v2\/tags?post=10802"}],"curies":[{"name":"wp","href":"https:\/\/api.w.org\/{rel}","templated":true}]}}