{"id":10767,"date":"2023-11-10T16:49:10","date_gmt":"2023-11-10T19:49:10","guid":{"rendered":"https:\/\/www.arroiodotigre.rs.gov.br\/site\/?p=10767"},"modified":"2023-11-10T16:49:10","modified_gmt":"2023-11-10T19:49:10","slug":"anos-iniciais-da-rede-municipal-de-ensino-participam-de-integracao","status":"publish","type":"post","link":"http:\/\/www.arroiodotigre.rs.gov.br\/site\/2023\/11\/10\/anos-iniciais-da-rede-municipal-de-ensino-participam-de-integracao\/","title":{"rendered":"ANOS INICIAIS DA REDE MUNICIPAL DE ENSINO PARTICIPAM DE INTEGRA\u00c7\u00c3O"},"content":{"rendered":"\n<p>O prefeito Marciano Ravanello, juntamente com o vice-prefeito, Vanderlei Hermes, e o secret\u00e1rio de Educa\u00e7\u00e3o e Cultura, Fabr\u00edcio Daniel Pape, participou do dia de integra\u00e7\u00e3o dos estudantes dos anos iniciais da rede municipal de ensino. As atividades foram realizadas no dia 1\u00ba de novembro e se concentraram na Comunidade Evang\u00e9lica e no Gin\u00e1sio de Esportes Tigr\u00e3o. O evento foi promovido pela Secretaria de Educa\u00e7\u00e3o e Cultura e reuniu as escolas municipais em um dia repleto de muita divers\u00e3o e atividades para os pequenos.<\/p>\n\n\n\n<p>Conforme o secret\u00e1rio de Educa\u00e7\u00e3o e Cultura, o evento tamb\u00e9m serviu para homenagear as crian\u00e7as em comemora\u00e7\u00e3o ao Dia das Crian\u00e7as. Os professores de educa\u00e7\u00e3o f\u00edsica organizaram diversas atividades, entre elas, disputa no ca\u00e7ador, gincana e futsal. Para os alunos do 1\u00ba ao 3\u00ba ano foi realizado tamb\u00e9m um teatro com a revista Nosso Amiguinho, com o tema \u201cA Aventura das Letras\u201d. J\u00e1 as turmas de 4\u00ba e 5\u00ba ano puderam interagir nas atividades de gincana e futsal.<\/p>\n\n\n\n<p>De acordo com o secret\u00e1rio, a Integra\u00e7\u00e3o Kids teve como principal objetivo as brincadeiras em grupo. \u201cEsses momentos proporcionam a socializa\u00e7\u00e3o com outras crian\u00e7as, aprendendo a respeitar o pr\u00f3ximo e trabalhar em equipe\u201d, ressaltou Fabr\u00edcio. J\u00e1 para o prefeito Marciano o dia de atividades marca a vida dos estudantes e ressalta a import\u00e2ncia do brincar. \u201cNossas crian\u00e7as precisam ter esses momentos de conviv\u00eancia e intera\u00e7\u00e3o. Ao mesmo tempo, \u00e9 muito bom poder viver isso junto deles, pois nos ensinam que as coisas boas da vida est\u00e3o nas pequenas atitudes\u201d, acrescenta.<\/p>\n\n\n\n<figure class=\"wp-block-gallery has-nested-images columns-default is-cropped wp-block-gallery-1 is-layout-flex wp-block-gallery-is-layout-flex\">\n<figure class=\"wp-block-image size-large\"><img loading=\"lazy\" decoding=\"async\" width=\"1024\" height=\"1024\" data-id=\"10770\" src=\"https:\/\/www.arroiodotigre.rs.gov.br\/site\/wp-content\/uploads\/2023\/11\/ANOS-INICIAIS-DA-REDE-MUNICIPAL-DE-ENSINO-PARTICIPAM-DE-INTEGRACAO-2-1024x1024.jpeg\" alt=\"\" class=\"wp-image-10770\" srcset=\"http:\/\/www.arroiodotigre.rs.gov.br\/site\/wp-content\/uploads\/2023\/11\/ANOS-INICIAIS-DA-REDE-MUNICIPAL-DE-ENSINO-PARTICIPAM-DE-INTEGRACAO-2-1024x1024.jpeg 1024w, http:\/\/www.arroiodotigre.rs.gov.br\/site\/wp-content\/uploads\/2023\/11\/ANOS-INICIAIS-DA-REDE-MUNICIPAL-DE-ENSINO-PARTICIPAM-DE-INTEGRACAO-2-300x300.jpeg 300w, http:\/\/www.arroiodotigre.rs.gov.br\/site\/wp-content\/uploads\/2023\/11\/ANOS-INICIAIS-DA-REDE-MUNICIPAL-DE-ENSINO-PARTICIPAM-DE-INTEGRACAO-2-150x150.jpeg 150w, http:\/\/www.arroiodotigre.rs.gov.br\/site\/wp-content\/uploads\/2023\/11\/ANOS-INICIAIS-DA-REDE-MUNICIPAL-DE-ENSINO-PARTICIPAM-DE-INTEGRACAO-2-768x768.jpeg 768w, http:\/\/www.arroiodotigre.rs.gov.br\/site\/wp-content\/uploads\/2023\/11\/ANOS-INICIAIS-DA-REDE-MUNICIPAL-DE-ENSINO-PARTICIPAM-DE-INTEGRACAO-2-1536x1536.jpeg 1536w, http:\/\/www.arroiodotigre.rs.gov.br\/site\/wp-content\/uploads\/2023\/11\/ANOS-INICIAIS-DA-REDE-MUNICIPAL-DE-ENSINO-PARTICIPAM-DE-INTEGRACAO-2-2048x2048.jpeg 2048w, http:\/\/www.arroiodotigre.rs.gov.br\/site\/wp-content\/uploads\/2023\/11\/ANOS-INICIAIS-DA-REDE-MUNICIPAL-DE-ENSINO-PARTICIPAM-DE-INTEGRACAO-2-1568x1568.jpeg 1568w\" sizes=\"auto, (max-width: 1024px) 100vw, 1024px\" \/><\/figure>\n\n\n\n<figure class=\"wp-block-image size-large\"><img loading=\"lazy\" decoding=\"async\" width=\"1024\" height=\"1024\" data-id=\"10771\" src=\"https:\/\/www.arroiodotigre.rs.gov.br\/site\/wp-content\/uploads\/2023\/11\/ANOS-INICIAIS-DA-REDE-MUNICIPAL-DE-ENSINO-PARTICIPAM-DE-INTEGRACAO-2-1024x1024.jpg\" alt=\"\" class=\"wp-image-10771\" srcset=\"http:\/\/www.arroiodotigre.rs.gov.br\/site\/wp-content\/uploads\/2023\/11\/ANOS-INICIAIS-DA-REDE-MUNICIPAL-DE-ENSINO-PARTICIPAM-DE-INTEGRACAO-2-1024x1024.jpg 1024w, http:\/\/www.arroiodotigre.rs.gov.br\/site\/wp-content\/uploads\/2023\/11\/ANOS-INICIAIS-DA-REDE-MUNICIPAL-DE-ENSINO-PARTICIPAM-DE-INTEGRACAO-2-300x300.jpg 300w, http:\/\/www.arroiodotigre.rs.gov.br\/site\/wp-content\/uploads\/2023\/11\/ANOS-INICIAIS-DA-REDE-MUNICIPAL-DE-ENSINO-PARTICIPAM-DE-INTEGRACAO-2-150x150.jpg 150w, http:\/\/www.arroiodotigre.rs.gov.br\/site\/wp-content\/uploads\/2023\/11\/ANOS-INICIAIS-DA-REDE-MUNICIPAL-DE-ENSINO-PARTICIPAM-DE-INTEGRACAO-2-768x768.jpg 768w, http:\/\/www.arroiodotigre.rs.gov.br\/site\/wp-content\/uploads\/2023\/11\/ANOS-INICIAIS-DA-REDE-MUNICIPAL-DE-ENSINO-PARTICIPAM-DE-INTEGRACAO-2.jpg 1080w\" sizes=\"auto, (max-width: 1024px) 100vw, 1024px\" \/><\/figure>\n\n\n\n<figure class=\"wp-block-image size-large\"><img loading=\"lazy\" decoding=\"async\" width=\"1024\" height=\"1024\" data-id=\"10772\" src=\"https:\/\/www.arroiodotigre.rs.gov.br\/site\/wp-content\/uploads\/2023\/11\/ANOS-INICIAIS-DA-REDE-MUNICIPAL-DE-ENSINO-PARTICIPAM-DE-INTEGRACAO-3-1024x1024.jpeg\" alt=\"\" class=\"wp-image-10772\" srcset=\"http:\/\/www.arroiodotigre.rs.gov.br\/site\/wp-content\/uploads\/2023\/11\/ANOS-INICIAIS-DA-REDE-MUNICIPAL-DE-ENSINO-PARTICIPAM-DE-INTEGRACAO-3-1024x1024.jpeg 1024w, http:\/\/www.arroiodotigre.rs.gov.br\/site\/wp-content\/uploads\/2023\/11\/ANOS-INICIAIS-DA-REDE-MUNICIPAL-DE-ENSINO-PARTICIPAM-DE-INTEGRACAO-3-300x300.jpeg 300w, http:\/\/www.arroiodotigre.rs.gov.br\/site\/wp-content\/uploads\/2023\/11\/ANOS-INICIAIS-DA-REDE-MUNICIPAL-DE-ENSINO-PARTICIPAM-DE-INTEGRACAO-3-150x150.jpeg 150w, http:\/\/www.arroiodotigre.rs.gov.br\/site\/wp-content\/uploads\/2023\/11\/ANOS-INICIAIS-DA-REDE-MUNICIPAL-DE-ENSINO-PARTICIPAM-DE-INTEGRACAO-3-768x768.jpeg 768w, http:\/\/www.arroiodotigre.rs.gov.br\/site\/wp-content\/uploads\/2023\/11\/ANOS-INICIAIS-DA-REDE-MUNICIPAL-DE-ENSINO-PARTICIPAM-DE-INTEGRACAO-3-1536x1536.jpeg 1536w, http:\/\/www.arroiodotigre.rs.gov.br\/site\/wp-content\/uploads\/2023\/11\/ANOS-INICIAIS-DA-REDE-MUNICIPAL-DE-ENSINO-PARTICIPAM-DE-INTEGRACAO-3-2048x2048.jpeg 2048w, http:\/\/www.arroiodotigre.rs.gov.br\/site\/wp-content\/uploads\/2023\/11\/ANOS-INICIAIS-DA-REDE-MUNICIPAL-DE-ENSINO-PARTICIPAM-DE-INTEGRACAO-3-1568x1568.jpeg 1568w\" sizes=\"auto, (max-width: 1024px) 100vw, 1024px\" \/><\/figure>\n\n\n\n<figure class=\"wp-block-image size-large\"><img loading=\"lazy\" decoding=\"async\" width=\"1024\" height=\"1024\" data-id=\"10773\" src=\"https:\/\/www.arroiodotigre.rs.gov.br\/site\/wp-content\/uploads\/2023\/11\/ANOS-INICIAIS-DA-REDE-MUNICIPAL-DE-ENSINO-PARTICIPAM-DE-INTEGRACAO-3-1024x1024.jpg\" alt=\"\" class=\"wp-image-10773\" srcset=\"http:\/\/www.arroiodotigre.rs.gov.br\/site\/wp-content\/uploads\/2023\/11\/ANOS-INICIAIS-DA-REDE-MUNICIPAL-DE-ENSINO-PARTICIPAM-DE-INTEGRACAO-3-1024x1024.jpg 1024w, http:\/\/www.arroiodotigre.rs.gov.br\/site\/wp-content\/uploads\/2023\/11\/ANOS-INICIAIS-DA-REDE-MUNICIPAL-DE-ENSINO-PARTICIPAM-DE-INTEGRACAO-3-300x300.jpg 300w, http:\/\/www.arroiodotigre.rs.gov.br\/site\/wp-content\/uploads\/2023\/11\/ANOS-INICIAIS-DA-REDE-MUNICIPAL-DE-ENSINO-PARTICIPAM-DE-INTEGRACAO-3-150x150.jpg 150w, http:\/\/www.arroiodotigre.rs.gov.br\/site\/wp-content\/uploads\/2023\/11\/ANOS-INICIAIS-DA-REDE-MUNICIPAL-DE-ENSINO-PARTICIPAM-DE-INTEGRACAO-3-768x768.jpg 768w, http:\/\/www.arroiodotigre.rs.gov.br\/site\/wp-content\/uploads\/2023\/11\/ANOS-INICIAIS-DA-REDE-MUNICIPAL-DE-ENSINO-PARTICIPAM-DE-INTEGRACAO-3.jpg 1080w\" sizes=\"auto, (max-width: 1024px) 100vw, 1024px\" \/><\/figure>\n\n\n\n<figure class=\"wp-block-image size-large\"><img loading=\"lazy\" decoding=\"async\" width=\"1024\" height=\"1024\" data-id=\"10768\" src=\"https:\/\/www.arroiodotigre.rs.gov.br\/site\/wp-content\/uploads\/2023\/11\/ANOS-INICIAIS-DA-REDE-MUNICIPAL-DE-ENSINO-PARTICIPAM-DE-INTEGRACAO-1024x1024.jpeg\" alt=\"\" class=\"wp-image-10768\" srcset=\"http:\/\/www.arroiodotigre.rs.gov.br\/site\/wp-content\/uploads\/2023\/11\/ANOS-INICIAIS-DA-REDE-MUNICIPAL-DE-ENSINO-PARTICIPAM-DE-INTEGRACAO-1024x1024.jpeg 1024w, http:\/\/www.arroiodotigre.rs.gov.br\/site\/wp-content\/uploads\/2023\/11\/ANOS-INICIAIS-DA-REDE-MUNICIPAL-DE-ENSINO-PARTICIPAM-DE-INTEGRACAO-300x300.jpeg 300w, http:\/\/www.arroiodotigre.rs.gov.br\/site\/wp-content\/uploads\/2023\/11\/ANOS-INICIAIS-DA-REDE-MUNICIPAL-DE-ENSINO-PARTICIPAM-DE-INTEGRACAO-150x150.jpeg 150w, http:\/\/www.arroiodotigre.rs.gov.br\/site\/wp-content\/uploads\/2023\/11\/ANOS-INICIAIS-DA-REDE-MUNICIPAL-DE-ENSINO-PARTICIPAM-DE-INTEGRACAO-768x768.jpeg 768w, http:\/\/www.arroiodotigre.rs.gov.br\/site\/wp-content\/uploads\/2023\/11\/ANOS-INICIAIS-DA-REDE-MUNICIPAL-DE-ENSINO-PARTICIPAM-DE-INTEGRACAO-1536x1536.jpeg 1536w, http:\/\/www.arroiodotigre.rs.gov.br\/site\/wp-content\/uploads\/2023\/11\/ANOS-INICIAIS-DA-REDE-MUNICIPAL-DE-ENSINO-PARTICIPAM-DE-INTEGRACAO-2048x2048.jpeg 2048w, http:\/\/www.arroiodotigre.rs.gov.br\/site\/wp-content\/uploads\/2023\/11\/ANOS-INICIAIS-DA-REDE-MUNICIPAL-DE-ENSINO-PARTICIPAM-DE-INTEGRACAO-1568x1568.jpeg 1568w\" sizes=\"auto, (max-width: 1024px) 100vw, 1024px\" \/><\/figure>\n\n\n\n<figure class=\"wp-block-image size-large\"><img loading=\"lazy\" decoding=\"async\" width=\"1024\" height=\"681\" data-id=\"10769\" src=\"https:\/\/www.arroiodotigre.rs.gov.br\/site\/wp-content\/uploads\/2023\/11\/ANOS-INICIAIS-DA-REDE-MUNICIPAL-DE-ENSINO-PARTICIPAM-DE-INTEGRACAO-1024x681.jpg\" alt=\"\" class=\"wp-image-10769\" srcset=\"http:\/\/www.arroiodotigre.rs.gov.br\/site\/wp-content\/uploads\/2023\/11\/ANOS-INICIAIS-DA-REDE-MUNICIPAL-DE-ENSINO-PARTICIPAM-DE-INTEGRACAO-1024x681.jpg 1024w, http:\/\/www.arroiodotigre.rs.gov.br\/site\/wp-content\/uploads\/2023\/11\/ANOS-INICIAIS-DA-REDE-MUNICIPAL-DE-ENSINO-PARTICIPAM-DE-INTEGRACAO-300x199.jpg 300w, http:\/\/www.arroiodotigre.rs.gov.br\/site\/wp-content\/uploads\/2023\/11\/ANOS-INICIAIS-DA-REDE-MUNICIPAL-DE-ENSINO-PARTICIPAM-DE-INTEGRACAO-768x511.jpg 768w, http:\/\/www.arroiodotigre.rs.gov.br\/site\/wp-content\/uploads\/2023\/11\/ANOS-INICIAIS-DA-REDE-MUNICIPAL-DE-ENSINO-PARTICIPAM-DE-INTEGRACAO-1536x1021.jpg 1536w, http:\/\/www.arroiodotigre.rs.gov.br\/site\/wp-content\/uploads\/2023\/11\/ANOS-INICIAIS-DA-REDE-MUNICIPAL-DE-ENSINO-PARTICIPAM-DE-INTEGRACAO-2048x1362.jpg 2048w, http:\/\/www.arroiodotigre.rs.gov.br\/site\/wp-content\/uploads\/2023\/11\/ANOS-INICIAIS-DA-REDE-MUNICIPAL-DE-ENSINO-PARTICIPAM-DE-INTEGRACAO-1568x1043.jpg 1568w\" sizes=\"auto, (max-width: 1024px) 100vw, 1024px\" \/><\/figure>\n<\/figure>\n","protected":false},"excerpt":{"rendered":"<p>O prefeito Marciano Ravanello, juntamente com o vice-prefeito, Vanderlei Hermes, e o secret\u00e1rio de Educa\u00e7\u00e3o e Cultura, Fabr\u00edcio Daniel Pape, participou do dia de integra\u00e7\u00e3o dos estudantes dos anos iniciais da rede municipal de ensino. As atividades foram realizadas no dia 1\u00ba de novembro e se concentraram na Comunidade Evang\u00e9lica e no Gin\u00e1sio de Esportes &hellip; <\/p>\n<p class=\"link-more\"><a href=\"http:\/\/www.arroiodotigre.rs.gov.br\/site\/2023\/11\/10\/anos-iniciais-da-rede-municipal-de-ensino-participam-de-integracao\/\" class=\"more-link\">Continue lendo<span class=\"screen-reader-text\"> &#8220;ANOS INICIAIS DA REDE MUNICIPAL DE ENSINO PARTICIPAM DE INTEGRA\u00c7\u00c3O&#8221;<\/span><\/a><\/p>\n","protected":false},"author":4,"featured_media":10771,"comment_status":"open","ping_status":"open","sticky":false,"template":"","format":"standard","meta":{"footnotes":""},"categories":[11],"tags":[],"class_list":["post-10767","post","type-post","status-publish","format-standard","has-post-thumbnail","hentry","category-noticias","entry"],"_links":{"self":[{"href":"http:\/\/www.arroiodotigre.rs.gov.br\/site\/wp-json\/wp\/v2\/posts\/10767","targetHints":{"allow":["GET"]}}],"collection":[{"href":"http:\/\/www.arroiodotigre.rs.gov.br\/site\/wp-json\/wp\/v2\/posts"}],"about":[{"href":"http:\/\/www.arroiodotigre.rs.gov.br\/site\/wp-json\/wp\/v2\/types\/post"}],"author":[{"embeddable":true,"href":"http:\/\/www.arroiodotigre.rs.gov.br\/site\/wp-json\/wp\/v2\/users\/4"}],"replies":[{"embeddable":true,"href":"http:\/\/www.arroiodotigre.rs.gov.br\/site\/wp-json\/wp\/v2\/comments?post=10767"}],"version-history":[{"count":1,"href":"http:\/\/www.arroiodotigre.rs.gov.br\/site\/wp-json\/wp\/v2\/posts\/10767\/revisions"}],"predecessor-version":[{"id":10774,"href":"http:\/\/www.arroiodotigre.rs.gov.br\/site\/wp-json\/wp\/v2\/posts\/10767\/revisions\/10774"}],"wp:featuredmedia":[{"embeddable":true,"href":"http:\/\/www.arroiodotigre.rs.gov.br\/site\/wp-json\/wp\/v2\/media\/10771"}],"wp:attachment":[{"href":"http:\/\/www.arroiodotigre.rs.gov.br\/site\/wp-json\/wp\/v2\/media?parent=10767"}],"wp:term":[{"taxonomy":"category","embeddable":true,"href":"http:\/\/www.arroiodotigre.rs.gov.br\/site\/wp-json\/wp\/v2\/categories?post=10767"},{"taxonomy":"post_tag","embeddable":true,"href":"http:\/\/www.arroiodotigre.rs.gov.br\/site\/wp-json\/wp\/v2\/tags?post=10767"}],"curies":[{"name":"wp","href":"https:\/\/api.w.org\/{rel}","templated":true}]}}