{"id":10707,"date":"2023-10-20T16:27:19","date_gmt":"2023-10-20T19:27:19","guid":{"rendered":"https:\/\/www.arroiodotigre.rs.gov.br\/site\/?p=10707"},"modified":"2023-10-20T17:48:10","modified_gmt":"2023-10-20T20:48:10","slug":"municipio-vai-festejar-aniversario-de-60-anos-com-ampla-programacao","status":"publish","type":"post","link":"http:\/\/www.arroiodotigre.rs.gov.br\/site\/2023\/10\/20\/municipio-vai-festejar-aniversario-de-60-anos-com-ampla-programacao\/","title":{"rendered":"MUNIC\u00cdPIO VAI FESTEJAR ANIVERS\u00c1RIO DE 60 ANOS COM AMPLA PROGRAMA\u00c7\u00c3O"},"content":{"rendered":"\n<p>A hist\u00f3ria de um povo est\u00e1 atrelada \u00e0 trajet\u00f3ria de vida de todos aqueles que chegaram antes de n\u00f3s. Em 2023, Arroio do Tigre completa 60 anos de emancipa\u00e7\u00e3o pol\u00edtico-administrativa. Para celebrar estas seis d\u00e9cadas, a Administra\u00e7\u00e3o Municipal promove atividades e comemora\u00e7\u00f5es alusivas ao seu anivers\u00e1rio. O destaque fica para a segunda edi\u00e7\u00e3o do Festival da Cuca, Lingui\u00e7a e Chopp, que vai ocorrer de 3 a 6 de novembro, na Pra\u00e7a Deputado Ivo Mainardi. Conforme o prefeito Marciano Ravanello, no ano passado o festival foi uma grande aposta e superou todas as expectativas da organiza\u00e7\u00e3o, no que se refere a p\u00fablico e vendas. \u201c\u00c9 um evento que retrata bem aquilo que os arroio-tigrenses gostam: gastronomia farta, boa m\u00fasica e alegria. Neste ano em que comemoramos os 60 anos desse querido munic\u00edpio n\u00e3o poder\u00edamos deixar de fora essa festividade que j\u00e1 se tornou propriedade de Arroio do Tigre\u201d, ressaltou Ravanello. O gestor ainda destacou que ap\u00f3s muita an\u00e1lise e opini\u00f5es sobre a primeira edi\u00e7\u00e3o do festival, decidiu-se manter a festividade na principal pra\u00e7a da cidade. Al\u00e9m disso, foi poss\u00edvel aprender com os desafios impostos na primeira edi\u00e7\u00e3o. \u201cPodemos dizer que aprendemos muito com o primeiro festival e agora chegamos para esta segunda edi\u00e7\u00e3o um pouco mais experientes\u201d, destacou o prefeito.<\/p>\n\n\n\n<p>O festival re\u00fane agroind\u00fastrias, associa\u00e7\u00f5es e padarias do munic\u00edpio que produzem a estrela da festa: a cuca. Uma das iguarias culin\u00e1rias e que traduz a cultura gastron\u00f4mica de Arroio do Tigre merece destaque especial. Tamb\u00e9m ter\u00e3o destaque as agroind\u00fastrias de embutidos que produzem lingui\u00e7as e salames. Arroio do Tigre \u00e9 refer\u00eancia estadual no produto, tendo a segunda e a primeira melhor lingui\u00e7a de carne su\u00edna, eleitas atrav\u00e9s de concurso neste ano na Expointer. \u201cEsperamos que o clima possa nos ajudar, assim como ocorreu no ano passado, o que favorece ainda mais o sucesso do evento e possibilita que os expositores possam incrementar a comercializa\u00e7\u00e3o de seus produtos. Mas uma coisa \u00e9 certa: quem visitar Arroio do Tigre durante esses quatro dias vai provar a nossa deliciosa gastronomia e participar de uma festa que tem como marca muita alegria\u201d, frisou o prefeito.<\/p>\n\n\n\n<p><\/p>\n\n\n\n<p><strong>PROGRAMA\u00c7\u00c3O<\/strong><\/p>\n\n\n\n<p>As festividades t\u00eam in\u00edcio na sexta-feira (03), \u00e0s 16h, com abertura da comercializa\u00e7\u00e3o de produtos e Feira da Mulher Rural. A recep\u00e7\u00e3o ficar\u00e1 sob a responsabilidade da Banda Kerbfest. \u00c0s 18h ocorre a abertura oficial do evento, seguido de show com a Banda Santa Cruz. O encerramento ocorre \u00e0s 23h. J\u00e1 no s\u00e1bado (04), a programa\u00e7\u00e3o inicia com programas ao vivo direto da Pra\u00e7a com as r\u00e1dios Sobradinho AM e Gazeta FM. \u00c0s 9h reabre a feira para comercializa\u00e7\u00e3o de produtos. \u00c0 tarde programa\u00e7\u00e3o da R\u00e1dio Gera\u00e7\u00e3o FM e tarde dan\u00e7ante com anima\u00e7\u00e3o da Bandinha da Alegria. A dupla Robson &amp; Matheus faz show \u00e0s 20h do s\u00e1bado.<\/p>\n\n\n\n<p>O domingo inicia com mateada animada pela Banda Kerbfest e apresenta\u00e7\u00e3o de programas das r\u00e1dios Gera\u00e7\u00e3o FM e Gazeta FM. A feira reabre \u00e0s 9h com a comercializa\u00e7\u00e3o de produtos. \u00c0s 10h haver\u00e1 apresenta\u00e7\u00e3o de dan\u00e7as alem\u00e3s com o Grupo Essen Und Tanzen de Linha Rocinha e Grupo Freude Am Tanzen de Pitingal. A programa\u00e7\u00e3o prossegue com tarde dan\u00e7ante com a Banda Milennio e no final da tarde show com a Orquestra La Montanara. As festividades encerram \u00e0s 23h no domingo. Na segunda-feira (06), dia do anivers\u00e1rio do Munic\u00edpio, ocorre o desfile em comemora\u00e7\u00e3o aos 60 anos, \u00e0s 9h. \u00c0 tarde tem escola das soberanas da Associa\u00e7\u00e3o das Agricultoras e tarde dan\u00e7ante com o Quarteto Musical. A programa\u00e7\u00e3o do 2\u00ba Festival da Cuca, Lingui\u00e7a e Chopp encerra com show da Banda Ind\u00fastria Musical. As atividades e atra\u00e7\u00f5es musicais ter\u00e3o acesso gratuito. Durante todos os dias do festival ocorre tamb\u00e9m a Feira de Artesanato e haver\u00e1 cucas quentinhas saindo do forno.<\/p>\n\n\n\n<p><\/p>\n\n\n\n<p><strong>DESFILE VAI HOMENAGEAR O PRIMEIRO PREFEITO<\/strong><\/p>\n\n\n\n<p>O desfile do dia 06 de novembro ser\u00e1 para comemorar os 60 anos e tamb\u00e9m para homenagear o primeiro prefeito de Arroio do Tigre: Rodolfo Spacil <em>(in memoriam)<\/em>. Ele assumiu a gest\u00e3o do munic\u00edpio ap\u00f3s consenso de todos os partidos da \u00e9poca. No dia 8 de mar\u00e7o de 1964 ocorreu a elei\u00e7\u00e3o e no dia 22 do mesmo m\u00eas j\u00e1 houve a posse, que ocorreu \u00e0s 23h, uma vez que o juiz teve de ser buscado em Candel\u00e1ria. Sem prefeitura \u00e0 \u00e9poca, o Sal\u00e3o Paroquial foi utilizado para as primeiras a\u00e7\u00f5es do governo Spacil. Foram encostadas duas mesinhas de baile e dali ele come\u00e7ou a despachar. Seu primeiro ato foi a nomea\u00e7\u00e3o de Alfredo Henrique Mossmann <em>(in memoriam)<\/em> como contador e de Bruno Carlos Werner <em>(in memoriam)<\/em>, que prestou relevantes servi\u00e7os ao munic\u00edpio. Em entrevista ao Jornal Gazeta da Serra em 2021, a filha de Rodolfo Spacil, a empres\u00e1ria Zaida Spacil R\u00f6hers, relembrou o dif\u00edcil come\u00e7o do pai como prefeito. \u201cA primeira prefeitura foi ent\u00e3o na Casa Paroquial, onde o padre Benno cedeu uma escrivaninha e caneta. O pai sempre foi l\u00edder dentro da comunidade onde mor\u00e1vamos em Estrela Velha e assim continuamos em Arroio do Tigre. Estou aqui h\u00e1 60 anos. Viemos junto com a emancipa\u00e7\u00e3o do munic\u00edpio e continuamos todo este per\u00edodo vendo o seu crescimento e acolhida deste povo, desta gente com garra\u201d, relembra Zaida.<\/p>\n\n\n\n<p>Para o prefeito Marciano Ravanello poder homenagear o primeiro prefeito \u00e9 um momento \u00fanico e este ato ser\u00e1 feito com muita dedica\u00e7\u00e3o e empenho de toda a equipe das Secretarias da Administra\u00e7\u00e3o e Educa\u00e7\u00e3o e Cultura. \u201cVai ser um momento de resgatar nossas ra\u00edzes e homenagear um homem que esteve \u00e0 frente de seu tempo e viu potencial nesta terra\u201d, destacou. Ele aproveitou para convidar a comunidade para prestigiar esse momento.<\/p>\n\n\n\n<p><\/p>\n\n\n\n<p><strong>M\u00caS DE COMEMORA\u00c7\u00d5ES<\/strong><\/p>\n\n\n\n<p>Durante todo o m\u00eas de novembro uma s\u00e9rie de atividades vai marcar as seis d\u00e9cadas de hist\u00f3ria do Celeiro do Centro Serra. Dentre eles destaque para o Encontro Cultural da Terceira Idade, no dia 08 de novembro, no Clube 25 de Julho; no dia 10 de novembro ocorre lan\u00e7amento do livro \u201cBem-Vindo a Arroio do Tigre\u201d e premia\u00e7\u00e3o do concurso \u201cArroio do Tigre em Palavras e Cores\u201d, na Pra\u00e7a Deputado Ivo Mainardi; j\u00e1 nos dias 10, 11 e 12 ocorre a Copa America de Bochas, no Clube 25 de Julho; no dia 22, quarta-feira, ocorre a abertura da colheita do tabaco em Arroio do Tigre e Dia de Campo, uma realiza\u00e7\u00e3o da Prefeitura Municipal e AFUBRA. A programa\u00e7\u00e3o ainda prev\u00ea o Projeto Vereador Por Um Dia, encontro de carros antigos, festival gastron\u00f4mico, jantar da fam\u00edlia, rodeio crioulo e encontro de bandas marciais.<\/p>\n\n\n\n<figure class=\"wp-block-gallery has-nested-images columns-default is-cropped wp-block-gallery-1 is-layout-flex wp-block-gallery-is-layout-flex\">\n<figure class=\"wp-block-image size-large\"><img loading=\"lazy\" decoding=\"async\" width=\"768\" height=\"1024\" data-id=\"10724\" src=\"https:\/\/www.arroiodotigre.rs.gov.br\/site\/wp-content\/uploads\/2023\/10\/WhatsApp-Image-2023-10-19-at-08.30.17-768x1024.jpeg\" alt=\"\" class=\"wp-image-10724\" srcset=\"http:\/\/www.arroiodotigre.rs.gov.br\/site\/wp-content\/uploads\/2023\/10\/WhatsApp-Image-2023-10-19-at-08.30.17-768x1024.jpeg 768w, http:\/\/www.arroiodotigre.rs.gov.br\/site\/wp-content\/uploads\/2023\/10\/WhatsApp-Image-2023-10-19-at-08.30.17-225x300.jpeg 225w, http:\/\/www.arroiodotigre.rs.gov.br\/site\/wp-content\/uploads\/2023\/10\/WhatsApp-Image-2023-10-19-at-08.30.17-1152x1536.jpeg 1152w, http:\/\/www.arroiodotigre.rs.gov.br\/site\/wp-content\/uploads\/2023\/10\/WhatsApp-Image-2023-10-19-at-08.30.17.jpeg 1200w\" sizes=\"auto, (max-width: 768px) 100vw, 768px\" \/><\/figure>\n\n\n\n<figure class=\"wp-block-image size-large\"><img loading=\"lazy\" decoding=\"async\" width=\"720\" height=\"960\" data-id=\"10722\" src=\"https:\/\/www.arroiodotigre.rs.gov.br\/site\/wp-content\/uploads\/2023\/10\/WhatsApp-Image-2023-10-19-at-08.32.33-3-1.jpeg\" alt=\"\" class=\"wp-image-10722\" srcset=\"http:\/\/www.arroiodotigre.rs.gov.br\/site\/wp-content\/uploads\/2023\/10\/WhatsApp-Image-2023-10-19-at-08.32.33-3-1.jpeg 720w, http:\/\/www.arroiodotigre.rs.gov.br\/site\/wp-content\/uploads\/2023\/10\/WhatsApp-Image-2023-10-19-at-08.32.33-3-1-225x300.jpeg 225w\" sizes=\"auto, (max-width: 720px) 100vw, 720px\" \/><\/figure>\n\n\n\n<figure class=\"wp-block-image size-large\"><img loading=\"lazy\" decoding=\"async\" width=\"720\" height=\"480\" data-id=\"10723\" src=\"https:\/\/www.arroiodotigre.rs.gov.br\/site\/wp-content\/uploads\/2023\/10\/WhatsApp-Image-2023-10-19-at-08.32.33-2-1.jpeg\" alt=\"\" class=\"wp-image-10723\" srcset=\"http:\/\/www.arroiodotigre.rs.gov.br\/site\/wp-content\/uploads\/2023\/10\/WhatsApp-Image-2023-10-19-at-08.32.33-2-1.jpeg 720w, http:\/\/www.arroiodotigre.rs.gov.br\/site\/wp-content\/uploads\/2023\/10\/WhatsApp-Image-2023-10-19-at-08.32.33-2-1-300x200.jpeg 300w\" sizes=\"auto, (max-width: 720px) 100vw, 720px\" \/><\/figure>\n\n\n\n<figure class=\"wp-block-image size-large\"><img loading=\"lazy\" decoding=\"async\" width=\"720\" height=\"520\" data-id=\"10721\" src=\"https:\/\/www.arroiodotigre.rs.gov.br\/site\/wp-content\/uploads\/2023\/10\/WhatsApp-Image-2023-10-19-at-08.32.33-1-1.jpeg\" alt=\"\" class=\"wp-image-10721\" srcset=\"http:\/\/www.arroiodotigre.rs.gov.br\/site\/wp-content\/uploads\/2023\/10\/WhatsApp-Image-2023-10-19-at-08.32.33-1-1.jpeg 720w, http:\/\/www.arroiodotigre.rs.gov.br\/site\/wp-content\/uploads\/2023\/10\/WhatsApp-Image-2023-10-19-at-08.32.33-1-1-300x217.jpeg 300w\" sizes=\"auto, (max-width: 720px) 100vw, 720px\" \/><\/figure>\n\n\n\n<figure class=\"wp-block-image size-large\"><img loading=\"lazy\" decoding=\"async\" width=\"1024\" height=\"682\" data-id=\"10725\" src=\"https:\/\/www.arroiodotigre.rs.gov.br\/site\/wp-content\/uploads\/2023\/10\/WhatsApp-Image-2023-10-19-at-08.32.33-1024x682.jpeg\" alt=\"\" class=\"wp-image-10725\" srcset=\"http:\/\/www.arroiodotigre.rs.gov.br\/site\/wp-content\/uploads\/2023\/10\/WhatsApp-Image-2023-10-19-at-08.32.33-1024x682.jpeg 1024w, http:\/\/www.arroiodotigre.rs.gov.br\/site\/wp-content\/uploads\/2023\/10\/WhatsApp-Image-2023-10-19-at-08.32.33-300x200.jpeg 300w, http:\/\/www.arroiodotigre.rs.gov.br\/site\/wp-content\/uploads\/2023\/10\/WhatsApp-Image-2023-10-19-at-08.32.33-768x512.jpeg 768w, http:\/\/www.arroiodotigre.rs.gov.br\/site\/wp-content\/uploads\/2023\/10\/WhatsApp-Image-2023-10-19-at-08.32.33-1536x1023.jpeg 1536w, http:\/\/www.arroiodotigre.rs.gov.br\/site\/wp-content\/uploads\/2023\/10\/WhatsApp-Image-2023-10-19-at-08.32.33-1568x1045.jpeg 1568w, http:\/\/www.arroiodotigre.rs.gov.br\/site\/wp-content\/uploads\/2023\/10\/WhatsApp-Image-2023-10-19-at-08.32.33.jpeg 1600w\" sizes=\"auto, (max-width: 1024px) 100vw, 1024px\" \/><\/figure>\n<\/figure>\n\n\n\n<figure class=\"wp-block-image size-large\"><img loading=\"lazy\" decoding=\"async\" width=\"1024\" height=\"725\" src=\"https:\/\/www.arroiodotigre.rs.gov.br\/site\/wp-content\/uploads\/2023\/10\/WhatsApp-Image-2023-10-19-at-15.06.44-1024x725.jpeg\" alt=\"\" class=\"wp-image-10718\" srcset=\"http:\/\/www.arroiodotigre.rs.gov.br\/site\/wp-content\/uploads\/2023\/10\/WhatsApp-Image-2023-10-19-at-15.06.44-1024x725.jpeg 1024w, http:\/\/www.arroiodotigre.rs.gov.br\/site\/wp-content\/uploads\/2023\/10\/WhatsApp-Image-2023-10-19-at-15.06.44-300x213.jpeg 300w, http:\/\/www.arroiodotigre.rs.gov.br\/site\/wp-content\/uploads\/2023\/10\/WhatsApp-Image-2023-10-19-at-15.06.44-768x544.jpeg 768w, http:\/\/www.arroiodotigre.rs.gov.br\/site\/wp-content\/uploads\/2023\/10\/WhatsApp-Image-2023-10-19-at-15.06.44.jpeg 1077w\" sizes=\"auto, (max-width: 1024px) 100vw, 1024px\" \/><\/figure>\n\n\n\n<figure class=\"wp-block-image size-large\"><img loading=\"lazy\" decoding=\"async\" width=\"1024\" height=\"726\" src=\"https:\/\/www.arroiodotigre.rs.gov.br\/site\/wp-content\/uploads\/2023\/10\/WhatsApp-Image-2023-10-19-at-15.06.44-1-1024x726.jpeg\" alt=\"\" class=\"wp-image-10719\" srcset=\"http:\/\/www.arroiodotigre.rs.gov.br\/site\/wp-content\/uploads\/2023\/10\/WhatsApp-Image-2023-10-19-at-15.06.44-1-1024x726.jpeg 1024w, http:\/\/www.arroiodotigre.rs.gov.br\/site\/wp-content\/uploads\/2023\/10\/WhatsApp-Image-2023-10-19-at-15.06.44-1-300x213.jpeg 300w, http:\/\/www.arroiodotigre.rs.gov.br\/site\/wp-content\/uploads\/2023\/10\/WhatsApp-Image-2023-10-19-at-15.06.44-1-768x545.jpeg 768w, http:\/\/www.arroiodotigre.rs.gov.br\/site\/wp-content\/uploads\/2023\/10\/WhatsApp-Image-2023-10-19-at-15.06.44-1.jpeg 1280w\" sizes=\"auto, (max-width: 1024px) 100vw, 1024px\" \/><\/figure>\n","protected":false},"excerpt":{"rendered":"<p>A hist\u00f3ria de um povo est\u00e1 atrelada \u00e0 trajet\u00f3ria de vida de todos aqueles que chegaram antes de n\u00f3s. Em 2023, Arroio do Tigre completa 60 anos de emancipa\u00e7\u00e3o pol\u00edtico-administrativa. Para celebrar estas seis d\u00e9cadas, a Administra\u00e7\u00e3o Municipal promove atividades e comemora\u00e7\u00f5es alusivas ao seu anivers\u00e1rio. O destaque fica para a segunda edi\u00e7\u00e3o do Festival &hellip; <\/p>\n<p class=\"link-more\"><a href=\"http:\/\/www.arroiodotigre.rs.gov.br\/site\/2023\/10\/20\/municipio-vai-festejar-aniversario-de-60-anos-com-ampla-programacao\/\" class=\"more-link\">Continue lendo<span class=\"screen-reader-text\"> &#8220;MUNIC\u00cdPIO VAI FESTEJAR ANIVERS\u00c1RIO DE 60 ANOS COM AMPLA PROGRAMA\u00c7\u00c3O&#8221;<\/span><\/a><\/p>\n","protected":false},"author":4,"featured_media":10708,"comment_status":"open","ping_status":"open","sticky":false,"template":"","format":"standard","meta":{"footnotes":""},"categories":[1],"tags":[],"class_list":["post-10707","post","type-post","status-publish","format-standard","has-post-thumbnail","hentry","category-sem-categoria","entry"],"_links":{"self":[{"href":"http:\/\/www.arroiodotigre.rs.gov.br\/site\/wp-json\/wp\/v2\/posts\/10707","targetHints":{"allow":["GET"]}}],"collection":[{"href":"http:\/\/www.arroiodotigre.rs.gov.br\/site\/wp-json\/wp\/v2\/posts"}],"about":[{"href":"http:\/\/www.arroiodotigre.rs.gov.br\/site\/wp-json\/wp\/v2\/types\/post"}],"author":[{"embeddable":true,"href":"http:\/\/www.arroiodotigre.rs.gov.br\/site\/wp-json\/wp\/v2\/users\/4"}],"replies":[{"embeddable":true,"href":"http:\/\/www.arroiodotigre.rs.gov.br\/site\/wp-json\/wp\/v2\/comments?post=10707"}],"version-history":[{"count":3,"href":"http:\/\/www.arroiodotigre.rs.gov.br\/site\/wp-json\/wp\/v2\/posts\/10707\/revisions"}],"predecessor-version":[{"id":10726,"href":"http:\/\/www.arroiodotigre.rs.gov.br\/site\/wp-json\/wp\/v2\/posts\/10707\/revisions\/10726"}],"wp:featuredmedia":[{"embeddable":true,"href":"http:\/\/www.arroiodotigre.rs.gov.br\/site\/wp-json\/wp\/v2\/media\/10708"}],"wp:attachment":[{"href":"http:\/\/www.arroiodotigre.rs.gov.br\/site\/wp-json\/wp\/v2\/media?parent=10707"}],"wp:term":[{"taxonomy":"category","embeddable":true,"href":"http:\/\/www.arroiodotigre.rs.gov.br\/site\/wp-json\/wp\/v2\/categories?post=10707"},{"taxonomy":"post_tag","embeddable":true,"href":"http:\/\/www.arroiodotigre.rs.gov.br\/site\/wp-json\/wp\/v2\/tags?post=10707"}],"curies":[{"name":"wp","href":"https:\/\/api.w.org\/{rel}","templated":true}]}}