{"id":10297,"date":"2023-10-06T13:13:49","date_gmt":"2023-10-06T16:13:49","guid":{"rendered":"https:\/\/www.arroiodotigre.rs.gov.br\/site\/?p=10297"},"modified":"2023-10-06T13:13:49","modified_gmt":"2023-10-06T16:13:49","slug":"terceira-idade-participa-de-comemoracao-ao-dia-do-idoso","status":"publish","type":"post","link":"http:\/\/www.arroiodotigre.rs.gov.br\/site\/2023\/10\/06\/terceira-idade-participa-de-comemoracao-ao-dia-do-idoso\/","title":{"rendered":"TERCEIRA IDADE PARTICIPA DE COMEMORA\u00c7\u00c3O AO DIA DO IDOSO"},"content":{"rendered":"\n<p>A Secretaria da Assist\u00eancia Social, em parceria com as Secretarias da Sa\u00fade e Educa\u00e7\u00e3o e Cultura, promoveu um dia repleto de atividades no Clube 25 de Julho, nessa quarta-feira (04), em comemora\u00e7\u00e3o ao Dia do Idoso. O evento contou com a presen\u00e7a do vice-prefeito Vanderlei Hermes e sua esposa Iara Francisca Hermes, al\u00e9m de secret\u00e1rios municipais, vereadores e grupos da terceira idade de todo o munic\u00edpio. Pela manh\u00e3 houve pronunciamento das autoridades e ap\u00f3s almo\u00e7o de confraterniza\u00e7\u00e3o. \u00c0 tarde ocorreu palestra com a terapeuta, mentora e criadora do \u201cm\u00e9todo p\u00e9rolas\u201d, Vanessa Manfio, que falou sobre intelig\u00eancia emocional e a import\u00e2ncia de aprender com os idosos. A palestrante tamb\u00e9m destacou as in\u00fameras possibilidades da vida de uma pessoa idosa, como a necessidade de sair, se divertir e viver. \u201cN\u00e3o temos data de validade, precisamos ser felizes hoje. Muitas vezes os idosos s\u00f3 se lembram da dor e do sofrimento e acabam esquecendo o qu\u00e3o prazeroso \u00e9 compartilhar com os filhos e os netos as experi\u00eancias da vida\u201d, ressaltou Vanessa.<\/p>\n\n\n\n<p>Para o vice-prefeito Vanderlei Hermes, eventos como este mostram como \u00e9 importante envelhecer de forma saud\u00e1vel e participativa na sociedade. Segundo ele, o Munic\u00edpio tem se preocupado muito com a qualidade de vida da pessoa idosa, introduzindo uma s\u00e9rie de medidas, tanto nas \u00e1reas da sa\u00fade como de assist\u00eancia social, a fim de benefici\u00e1-los com programas e atividades. Hermes enfatizou programas como as caminhadas, que al\u00e9m de promover a sa\u00fade, ajudam na socializa\u00e7\u00e3o desses idosos. \u201cS\u00e3o com esses programas e atividades que queremos levar uma mensagem de acolhida e de gratid\u00e3o a essas pessoas que tanto fizeram pelo nosso Arroio do Tigre. Eles merecerem o cuidado e a prote\u00e7\u00e3o de todos, em especial daqueles que os rodeiam diariamente\u201d, destacou.<\/p>\n\n\n\n<p>Para o secret\u00e1rio Sandro Jos\u00e9 Radtke Timm, da Assist\u00eancia Social, foi um dia repleto de alegria e gratid\u00e3o. Segundo ele os idosos entenderam o chamado e compareceram em grande n\u00famero ao Clube 25 de Julho. Ele tamb\u00e9m destacou a import\u00e2ncia da palestra, que trouxe uma grande reflex\u00e3o para a vida. \u201cOlhar para estes jovens senhores e senhoras \u00e9 olhar para o nosso futuro. Cuidando bem deles, estaremos automaticamente tratando com carinho o nosso amanh\u00e3\u201d, declarou. Timm ainda destacou programas como o da inclus\u00e3o digital na terceira idade, que ajudam a promover a socializa\u00e7\u00e3o e manter em dia a mem\u00f3ria e o racioc\u00ednio dos idosos. O evento contou com a participa\u00e7\u00e3o dos 12 grupos de idosos da cidade e do interior do munic\u00edpio.<\/p>\n\n\n\n<figure class=\"wp-block-gallery has-nested-images columns-default is-cropped wp-block-gallery-1 is-layout-flex wp-block-gallery-is-layout-flex\">\n<figure class=\"wp-block-image size-large\"><img loading=\"lazy\" decoding=\"async\" width=\"1024\" height=\"683\" data-id=\"10298\" src=\"https:\/\/www.arroiodotigre.rs.gov.br\/site\/wp-content\/uploads\/2023\/10\/TERCEIRA-IDADE-PARTICIPA-DE-COMEMORACAO-AO-DIA-DO-IDOSO-2-1024x683.jpeg\" alt=\"\" class=\"wp-image-10298\" srcset=\"http:\/\/www.arroiodotigre.rs.gov.br\/site\/wp-content\/uploads\/2023\/10\/TERCEIRA-IDADE-PARTICIPA-DE-COMEMORACAO-AO-DIA-DO-IDOSO-2-1024x683.jpeg 1024w, http:\/\/www.arroiodotigre.rs.gov.br\/site\/wp-content\/uploads\/2023\/10\/TERCEIRA-IDADE-PARTICIPA-DE-COMEMORACAO-AO-DIA-DO-IDOSO-2-300x200.jpeg 300w, http:\/\/www.arroiodotigre.rs.gov.br\/site\/wp-content\/uploads\/2023\/10\/TERCEIRA-IDADE-PARTICIPA-DE-COMEMORACAO-AO-DIA-DO-IDOSO-2-768x512.jpeg 768w, http:\/\/www.arroiodotigre.rs.gov.br\/site\/wp-content\/uploads\/2023\/10\/TERCEIRA-IDADE-PARTICIPA-DE-COMEMORACAO-AO-DIA-DO-IDOSO-2-1536x1024.jpeg 1536w, http:\/\/www.arroiodotigre.rs.gov.br\/site\/wp-content\/uploads\/2023\/10\/TERCEIRA-IDADE-PARTICIPA-DE-COMEMORACAO-AO-DIA-DO-IDOSO-2-1568x1046.jpeg 1568w, http:\/\/www.arroiodotigre.rs.gov.br\/site\/wp-content\/uploads\/2023\/10\/TERCEIRA-IDADE-PARTICIPA-DE-COMEMORACAO-AO-DIA-DO-IDOSO-2.jpeg 1600w\" sizes=\"auto, (max-width: 1024px) 100vw, 1024px\" \/><\/figure>\n\n\n\n<figure class=\"wp-block-image size-large\"><img loading=\"lazy\" decoding=\"async\" width=\"1024\" height=\"683\" data-id=\"10301\" src=\"https:\/\/www.arroiodotigre.rs.gov.br\/site\/wp-content\/uploads\/2023\/10\/TERCEIRA-IDADE-PARTICIPA-DE-COMEMORACAO-AO-DIA-DO-IDOSO-3-1024x683.jpeg\" alt=\"\" class=\"wp-image-10301\" srcset=\"http:\/\/www.arroiodotigre.rs.gov.br\/site\/wp-content\/uploads\/2023\/10\/TERCEIRA-IDADE-PARTICIPA-DE-COMEMORACAO-AO-DIA-DO-IDOSO-3-1024x683.jpeg 1024w, http:\/\/www.arroiodotigre.rs.gov.br\/site\/wp-content\/uploads\/2023\/10\/TERCEIRA-IDADE-PARTICIPA-DE-COMEMORACAO-AO-DIA-DO-IDOSO-3-300x200.jpeg 300w, http:\/\/www.arroiodotigre.rs.gov.br\/site\/wp-content\/uploads\/2023\/10\/TERCEIRA-IDADE-PARTICIPA-DE-COMEMORACAO-AO-DIA-DO-IDOSO-3-768x512.jpeg 768w, http:\/\/www.arroiodotigre.rs.gov.br\/site\/wp-content\/uploads\/2023\/10\/TERCEIRA-IDADE-PARTICIPA-DE-COMEMORACAO-AO-DIA-DO-IDOSO-3-1536x1024.jpeg 1536w, http:\/\/www.arroiodotigre.rs.gov.br\/site\/wp-content\/uploads\/2023\/10\/TERCEIRA-IDADE-PARTICIPA-DE-COMEMORACAO-AO-DIA-DO-IDOSO-3-1568x1046.jpeg 1568w, http:\/\/www.arroiodotigre.rs.gov.br\/site\/wp-content\/uploads\/2023\/10\/TERCEIRA-IDADE-PARTICIPA-DE-COMEMORACAO-AO-DIA-DO-IDOSO-3.jpeg 1600w\" sizes=\"auto, (max-width: 1024px) 100vw, 1024px\" \/><\/figure>\n\n\n\n<figure class=\"wp-block-image size-large\"><img loading=\"lazy\" decoding=\"async\" width=\"1024\" height=\"683\" data-id=\"10302\" src=\"https:\/\/www.arroiodotigre.rs.gov.br\/site\/wp-content\/uploads\/2023\/10\/TERCEIRA-IDADE-PARTICIPA-DE-COMEMORACAO-AO-DIA-DO-IDOSO-4-1024x683.jpeg\" alt=\"\" class=\"wp-image-10302\" srcset=\"http:\/\/www.arroiodotigre.rs.gov.br\/site\/wp-content\/uploads\/2023\/10\/TERCEIRA-IDADE-PARTICIPA-DE-COMEMORACAO-AO-DIA-DO-IDOSO-4-1024x683.jpeg 1024w, http:\/\/www.arroiodotigre.rs.gov.br\/site\/wp-content\/uploads\/2023\/10\/TERCEIRA-IDADE-PARTICIPA-DE-COMEMORACAO-AO-DIA-DO-IDOSO-4-300x200.jpeg 300w, http:\/\/www.arroiodotigre.rs.gov.br\/site\/wp-content\/uploads\/2023\/10\/TERCEIRA-IDADE-PARTICIPA-DE-COMEMORACAO-AO-DIA-DO-IDOSO-4-768x512.jpeg 768w, http:\/\/www.arroiodotigre.rs.gov.br\/site\/wp-content\/uploads\/2023\/10\/TERCEIRA-IDADE-PARTICIPA-DE-COMEMORACAO-AO-DIA-DO-IDOSO-4-1536x1024.jpeg 1536w, http:\/\/www.arroiodotigre.rs.gov.br\/site\/wp-content\/uploads\/2023\/10\/TERCEIRA-IDADE-PARTICIPA-DE-COMEMORACAO-AO-DIA-DO-IDOSO-4-1568x1046.jpeg 1568w, http:\/\/www.arroiodotigre.rs.gov.br\/site\/wp-content\/uploads\/2023\/10\/TERCEIRA-IDADE-PARTICIPA-DE-COMEMORACAO-AO-DIA-DO-IDOSO-4.jpeg 1600w\" sizes=\"auto, (max-width: 1024px) 100vw, 1024px\" \/><\/figure>\n\n\n\n<figure class=\"wp-block-image size-large\"><img loading=\"lazy\" decoding=\"async\" width=\"1024\" height=\"683\" data-id=\"10299\" src=\"https:\/\/www.arroiodotigre.rs.gov.br\/site\/wp-content\/uploads\/2023\/10\/TERCEIRA-IDADE-PARTICIPA-DE-COMEMORACAO-AO-DIA-DO-IDOSO-5-1024x683.jpeg\" alt=\"\" class=\"wp-image-10299\" srcset=\"http:\/\/www.arroiodotigre.rs.gov.br\/site\/wp-content\/uploads\/2023\/10\/TERCEIRA-IDADE-PARTICIPA-DE-COMEMORACAO-AO-DIA-DO-IDOSO-5-1024x683.jpeg 1024w, http:\/\/www.arroiodotigre.rs.gov.br\/site\/wp-content\/uploads\/2023\/10\/TERCEIRA-IDADE-PARTICIPA-DE-COMEMORACAO-AO-DIA-DO-IDOSO-5-300x200.jpeg 300w, http:\/\/www.arroiodotigre.rs.gov.br\/site\/wp-content\/uploads\/2023\/10\/TERCEIRA-IDADE-PARTICIPA-DE-COMEMORACAO-AO-DIA-DO-IDOSO-5-768x512.jpeg 768w, http:\/\/www.arroiodotigre.rs.gov.br\/site\/wp-content\/uploads\/2023\/10\/TERCEIRA-IDADE-PARTICIPA-DE-COMEMORACAO-AO-DIA-DO-IDOSO-5-1536x1024.jpeg 1536w, http:\/\/www.arroiodotigre.rs.gov.br\/site\/wp-content\/uploads\/2023\/10\/TERCEIRA-IDADE-PARTICIPA-DE-COMEMORACAO-AO-DIA-DO-IDOSO-5-1568x1046.jpeg 1568w, http:\/\/www.arroiodotigre.rs.gov.br\/site\/wp-content\/uploads\/2023\/10\/TERCEIRA-IDADE-PARTICIPA-DE-COMEMORACAO-AO-DIA-DO-IDOSO-5.jpeg 1600w\" sizes=\"auto, (max-width: 1024px) 100vw, 1024px\" \/><\/figure>\n\n\n\n<figure class=\"wp-block-image size-large\"><img loading=\"lazy\" decoding=\"async\" width=\"1024\" height=\"683\" data-id=\"10300\" src=\"https:\/\/www.arroiodotigre.rs.gov.br\/site\/wp-content\/uploads\/2023\/10\/TERCEIRA-IDADE-PARTICIPA-DE-COMEMORACAO-AO-DIA-DO-IDOSO-1024x683.jpeg\" alt=\"\" class=\"wp-image-10300\" srcset=\"http:\/\/www.arroiodotigre.rs.gov.br\/site\/wp-content\/uploads\/2023\/10\/TERCEIRA-IDADE-PARTICIPA-DE-COMEMORACAO-AO-DIA-DO-IDOSO-1024x683.jpeg 1024w, http:\/\/www.arroiodotigre.rs.gov.br\/site\/wp-content\/uploads\/2023\/10\/TERCEIRA-IDADE-PARTICIPA-DE-COMEMORACAO-AO-DIA-DO-IDOSO-300x200.jpeg 300w, http:\/\/www.arroiodotigre.rs.gov.br\/site\/wp-content\/uploads\/2023\/10\/TERCEIRA-IDADE-PARTICIPA-DE-COMEMORACAO-AO-DIA-DO-IDOSO-768x512.jpeg 768w, http:\/\/www.arroiodotigre.rs.gov.br\/site\/wp-content\/uploads\/2023\/10\/TERCEIRA-IDADE-PARTICIPA-DE-COMEMORACAO-AO-DIA-DO-IDOSO-1536x1024.jpeg 1536w, http:\/\/www.arroiodotigre.rs.gov.br\/site\/wp-content\/uploads\/2023\/10\/TERCEIRA-IDADE-PARTICIPA-DE-COMEMORACAO-AO-DIA-DO-IDOSO-1568x1046.jpeg 1568w, http:\/\/www.arroiodotigre.rs.gov.br\/site\/wp-content\/uploads\/2023\/10\/TERCEIRA-IDADE-PARTICIPA-DE-COMEMORACAO-AO-DIA-DO-IDOSO.jpeg 1600w\" sizes=\"auto, (max-width: 1024px) 100vw, 1024px\" \/><\/figure>\n<\/figure>\n","protected":false},"excerpt":{"rendered":"<p>A Secretaria da Assist\u00eancia Social, em parceria com as Secretarias da Sa\u00fade e Educa\u00e7\u00e3o e Cultura, promoveu um dia repleto de atividades no Clube 25 de Julho, nessa quarta-feira (04), em comemora\u00e7\u00e3o ao Dia do Idoso. O evento contou com a presen\u00e7a do vice-prefeito Vanderlei Hermes e sua esposa Iara Francisca Hermes, al\u00e9m de secret\u00e1rios &hellip; <\/p>\n<p class=\"link-more\"><a href=\"http:\/\/www.arroiodotigre.rs.gov.br\/site\/2023\/10\/06\/terceira-idade-participa-de-comemoracao-ao-dia-do-idoso\/\" class=\"more-link\">Continue lendo<span class=\"screen-reader-text\"> &#8220;TERCEIRA IDADE PARTICIPA DE COMEMORA\u00c7\u00c3O AO DIA DO IDOSO&#8221;<\/span><\/a><\/p>\n","protected":false},"author":4,"featured_media":10299,"comment_status":"open","ping_status":"open","sticky":false,"template":"","format":"standard","meta":{"footnotes":""},"categories":[11],"tags":[],"class_list":["post-10297","post","type-post","status-publish","format-standard","has-post-thumbnail","hentry","category-noticias","entry"],"_links":{"self":[{"href":"http:\/\/www.arroiodotigre.rs.gov.br\/site\/wp-json\/wp\/v2\/posts\/10297","targetHints":{"allow":["GET"]}}],"collection":[{"href":"http:\/\/www.arroiodotigre.rs.gov.br\/site\/wp-json\/wp\/v2\/posts"}],"about":[{"href":"http:\/\/www.arroiodotigre.rs.gov.br\/site\/wp-json\/wp\/v2\/types\/post"}],"author":[{"embeddable":true,"href":"http:\/\/www.arroiodotigre.rs.gov.br\/site\/wp-json\/wp\/v2\/users\/4"}],"replies":[{"embeddable":true,"href":"http:\/\/www.arroiodotigre.rs.gov.br\/site\/wp-json\/wp\/v2\/comments?post=10297"}],"version-history":[{"count":1,"href":"http:\/\/www.arroiodotigre.rs.gov.br\/site\/wp-json\/wp\/v2\/posts\/10297\/revisions"}],"predecessor-version":[{"id":10303,"href":"http:\/\/www.arroiodotigre.rs.gov.br\/site\/wp-json\/wp\/v2\/posts\/10297\/revisions\/10303"}],"wp:featuredmedia":[{"embeddable":true,"href":"http:\/\/www.arroiodotigre.rs.gov.br\/site\/wp-json\/wp\/v2\/media\/10299"}],"wp:attachment":[{"href":"http:\/\/www.arroiodotigre.rs.gov.br\/site\/wp-json\/wp\/v2\/media?parent=10297"}],"wp:term":[{"taxonomy":"category","embeddable":true,"href":"http:\/\/www.arroiodotigre.rs.gov.br\/site\/wp-json\/wp\/v2\/categories?post=10297"},{"taxonomy":"post_tag","embeddable":true,"href":"http:\/\/www.arroiodotigre.rs.gov.br\/site\/wp-json\/wp\/v2\/tags?post=10297"}],"curies":[{"name":"wp","href":"https:\/\/api.w.org\/{rel}","templated":true}]}}